{"id":19055,"date":"2026-09-02T16:25:29","date_gmt":"2026-09-02T15:25:29","guid":{"rendered":"https:\/\/nublo.tv\/?p=19055"},"modified":"2026-09-02T16:25:29","modified_gmt":"2026-09-02T15:25:29","slug":"el-cabildo-de-gran-canaria-aprueba-8-millones-en-ayudas-al-sector-primario-por-la-crisis-de-oriente-medio-y-la-borrasca-therese","status":"publish","type":"post","link":"https:\/\/nublo.tv\/index.php\/2026\/09\/02\/el-cabildo-de-gran-canaria-aprueba-8-millones-en-ayudas-al-sector-primario-por-la-crisis-de-oriente-medio-y-la-borrasca-therese\/","title":{"rendered":"El Cabildo de Gran Canaria aprueba 8 millones en ayudas al sector primario por la crisis de Oriente Medio y la borrasca Therese"},"content":{"rendered":"<p><strong>El Cabildo de Gran Canaria destina 8 millones de euros en ayudas extraordinarias al sector primario para palear el impacto de la crisis de Oriente Medio y los da\u00f1os de la borrasca Therese en 2026.<\/strong><\/p>\n<p>La corporaci\u00f3n insular divide la partida en dos l\u00edneas de 4 millones cada una: una para compensar el sobrecoste de insumos como combustible y fertilizantes por el conflicto armado en Oriente Pr\u00f3ximo, y otra para reparar los da\u00f1os materiales causados por el temporal entre el 17 y el 25 de marzo de 2026.<\/p>\n<p>El presidente del Cabildo, Antonio Morales, junto al consejero de Sector Primario, Miguel Hidalgo, y los directores insulares de Agricultura, Pesca y Ganader\u00eda, Alejandro B\u00e1ez, y de Seguridad H\u00eddrica, Jos\u00e9 Juan P\u00e9rez, presentaron hoy los detalles del paquete de ayudas, que busca salvaguardar la soberan\u00eda alimentaria y la supervivencia del sector.<\/p>\n<p>El conflicto en Oriente Pr\u00f3ximo, iniciado el 28 de febrero de 2026, ha generado inestabilidad geopol\u00edtica con efectos directos en la econom\u00eda global, especialmente en territorios ultraperif\u00e9ricos como Canarias. El Cabildo aprob\u00f3 en julio un cr\u00e9dito extraordinario de 4 millones para paliar sus consecuencias en explotaciones agrarias, pesqueras y acu\u00edcolas, con un reparto proporcional seg\u00fan el peso de cada subsector y los sobrecostes asumidos.<\/p>\n<p>La instituci\u00f3n trabaja en el an\u00e1lisis de la normativa europea y nacional que regula estas ayudas, ya que el Marco Temporal de la Comisi\u00f3n Europea para esta crisis es m\u00e1s restrictivo que los anteriores, aplicados durante la pandemia de COVID-19 y la guerra de Ucrania.<\/p>\n<p>Con esta nueva l\u00ednea, el Cabildo eleva a 22,3 millones de euros el importe destinado en los \u00faltimos seis a\u00f1os a crisis sanitarias y b\u00e9licas: 11,6 millones por el COVID-19 (2020-2026), 6,7 millones por la guerra de Ucrania (2022-2024) y 4 millones por la crisis de Oriente Medio en 2026.<\/p>\n<p>La borrasca Therese caus\u00f3 grandes destrozos en explotaciones agr\u00edcolas y ganaderas. Entre el 13 de abril y el 31 de mayo, 207 explotaciones de 21 municipios registraron electr\u00f3nicamente los da\u00f1os. Los m\u00e1s afectados fueron Vega de San Mateo (41 declaraciones, 20,2%), Teror (29, 14,3%), Tejeda (26, 12,8%) y Arucas (19, 9,4%).<\/p>\n<p>Los da\u00f1os m\u00e1s comunes fueron ca\u00eddas de muros de piedra (68,5% del importe total), invernaderos (10,5%), infraestructuras de riego (9,1%) y \u00e1rboles frutales (2,8%), adem\u00e1s de otros en cubiertas, almacenes, bodegas, vallados, entutorados, sistemas de hidropon\u00eda, animales y colmenas. Todas las declaraciones fueron validadas por el personal t\u00e9cnico de la Consejer\u00eda de Sector Primario.<\/p>\n<p>El Cabildo destina otros 4 millones a la reposici\u00f3n de infraestructuras agrarias da\u00f1adas por Therese, elevando a 9,89 millones el importe invertido en da\u00f1os catastr\u00f3ficos entre 2017 y 2026, en beneficio de 1.340 explotaciones. Anteriormente, hab\u00eda aportado fondos propios tras los incendios de 2017 en Tejeda (830.000 euros), de 2019 en Artenara (5 millones) y de 2023 en el Cortijo de Huertas, en Tejeda (60.000 euros).<\/p>\n<p>Sumadas ambas l\u00edneas, el Cabildo ha movilizado 32,19 millones de euros en los \u00faltimos a\u00f1os para responder a crisis sanitarias, b\u00e9licas y clim\u00e1ticas que han afectado al sector primario, enmarcadas en el Plan Estrat\u00e9gico del Sector Primario de Gran Canaria, que busca reducir la dependencia alimentaria exterior y fomentar la producci\u00f3n local.<\/p>\n","protected":false},"excerpt":{"rendered":"<p>El Cabildo de Gran Canaria destina 8 millones en ayudas extraordinarias al sector primario por la crisis de Oriente Medio y los da\u00f1os de la borrasca Therese En los \u00faltimos&hellip;<\/p>\n","protected":false},"author":1,"featured_media":19056,"comment_status":"open","ping_status":"open","sticky":false,"template":"","format":"standard","meta":{"wpai_generated_summary":"","wpai_meta_description":"","footnotes":""},"categories":[148],"tags":[],"class_list":["post-19055","post","type-post","status-publish","format-standard","has-post-thumbnail","hentry","category-cabildo-de-gran-canaria"],"_links":{"self":[{"href":"https:\/\/nublo.tv\/index.php\/wp-json\/wp\/v2\/posts\/19055","targetHints":{"allow":["GET"]}}],"collection":[{"href":"https:\/\/nublo.tv\/index.php\/wp-json\/wp\/v2\/posts"}],"about":[{"href":"https:\/\/nublo.tv\/index.php\/wp-json\/wp\/v2\/types\/post"}],"author":[{"embeddable":true,"href":"https:\/\/nublo.tv\/index.php\/wp-json\/wp\/v2\/users\/1"}],"replies":[{"embeddable":true,"href":"https:\/\/nublo.tv\/index.php\/wp-json\/wp\/v2\/comments?post=19055"}],"version-history":[{"count":2,"href":"https:\/\/nublo.tv\/index.php\/wp-json\/wp\/v2\/posts\/19055\/revisions"}],"predecessor-version":[{"id":19100,"href":"https:\/\/nublo.tv\/index.php\/wp-json\/wp\/v2\/posts\/19055\/revisions\/19100"}],"wp:featuredmedia":[{"embeddable":true,"href":"https:\/\/nublo.tv\/index.php\/wp-json\/wp\/v2\/media\/19056"}],"wp:attachment":[{"href":"https:\/\/nublo.tv\/index.php\/wp-json\/wp\/v2\/media?parent=19055"}],"wp:term":[{"taxonomy":"category","embeddable":true,"href":"https:\/\/nublo.tv\/index.php\/wp-json\/wp\/v2\/categories?post=19055"},{"taxonomy":"post_tag","embeddable":true,"href":"https:\/\/nublo.tv\/index.php\/wp-json\/wp\/v2\/tags?post=19055"}],"curies":[{"name":"wp","href":"https:\/\/api.w.org\/{rel}","templated":true}]}}