{"id":19065,"date":"2026-09-02T16:25:43","date_gmt":"2026-09-02T15:25:43","guid":{"rendered":"https:\/\/nublo.tv\/?p=19065"},"modified":"2026-09-02T16:25:43","modified_gmt":"2026-09-02T15:25:43","slug":"la-mutua-acoge-la-exposicion-cartografias-liquidas-sobre-migracion-desde-el-4-de-septiembre","status":"publish","type":"post","link":"https:\/\/nublo.tv\/index.php\/2026\/09\/02\/la-mutua-acoge-la-exposicion-cartografias-liquidas-sobre-migracion-desde-el-4-de-septiembre\/","title":{"rendered":"La Mutua acoge la exposici\u00f3n \u00abCartograf\u00edas l\u00edquidas\u00bb sobre migraci\u00f3n desde el 4 de septiembre"},"content":{"rendered":"<p><strong>El Espacio Cultural La Mutua de Las Palmas de Gran Canaria alberga desde el 4 al 28 de septiembre la exposici\u00f3n colectiva \u00abCartograf\u00edas l\u00edquidas\u00bb, que aborda la migraci\u00f3n desde una perspectiva emocional.<\/strong><\/p>\n<p>La inauguraci\u00f3n ser\u00e1 el viernes 4 de septiembre en el Espacio Cultural La Mutua, donde la exposici\u00f3n podr\u00e1 visitarse de lunes a viernes, de 10:00 a 14:00 horas.<\/p>\n<p>La muestra re\u00fane obras de F\u00e1tima Suleiman (grabado), Juan Gonz\u00e1lez (fotograf\u00eda), Javier Camarasa (instalaci\u00f3n) y Esther Vega (pintura).<\/p>\n<p>Inspirada en el concepto de modernidad l\u00edquida de Zygmunt Bauman, la exposici\u00f3n reflexiona sobre la experiencia migratoria como un proceso vital marcado por la partida, el tr\u00e1nsito, la infancia desplazada y la reconstrucci\u00f3n de la identidad.<\/p>\n<p>A trav\u00e9s de distintos lenguajes visuales, los cuatro artistas invitan a contemplar la migraci\u00f3n desde una mirada humana y emocional.<\/p>\n","protected":false},"excerpt":{"rendered":"<p>La inauguraci\u00f3n tendr\u00e1 lugar el viernes 4 de septiembre en el Espacio Cultural La Mutua, donde la exposici\u00f3n podr\u00e1 visitarse de lunes a viernes, de 10:00 a 14:00 horas. El&hellip;<\/p>\n","protected":false},"author":1,"featured_media":19093,"comment_status":"open","ping_status":"open","sticky":false,"template":"","format":"standard","meta":{"wpai_generated_summary":"","wpai_meta_description":"","footnotes":""},"categories":[127],"tags":[],"class_list":["post-19065","post","type-post","status-publish","format-standard","has-post-thumbnail","hentry","category-ayuntamiento-de-arucas"],"_links":{"self":[{"href":"https:\/\/nublo.tv\/index.php\/wp-json\/wp\/v2\/posts\/19065","targetHints":{"allow":["GET"]}}],"collection":[{"href":"https:\/\/nublo.tv\/index.php\/wp-json\/wp\/v2\/posts"}],"about":[{"href":"https:\/\/nublo.tv\/index.php\/wp-json\/wp\/v2\/types\/post"}],"author":[{"embeddable":true,"href":"https:\/\/nublo.tv\/index.php\/wp-json\/wp\/v2\/users\/1"}],"replies":[{"embeddable":true,"href":"https:\/\/nublo.tv\/index.php\/wp-json\/wp\/v2\/comments?post=19065"}],"version-history":[{"count":2,"href":"https:\/\/nublo.tv\/index.php\/wp-json\/wp\/v2\/posts\/19065\/revisions"}],"predecessor-version":[{"id":19104,"href":"https:\/\/nublo.tv\/index.php\/wp-json\/wp\/v2\/posts\/19065\/revisions\/19104"}],"wp:featuredmedia":[{"embeddable":true,"href":"https:\/\/nublo.tv\/index.php\/wp-json\/wp\/v2\/media\/19093"}],"wp:attachment":[{"href":"https:\/\/nublo.tv\/index.php\/wp-json\/wp\/v2\/media?parent=19065"}],"wp:term":[{"taxonomy":"category","embeddable":true,"href":"https:\/\/nublo.tv\/index.php\/wp-json\/wp\/v2\/categories?post=19065"},{"taxonomy":"post_tag","embeddable":true,"href":"https:\/\/nublo.tv\/index.php\/wp-json\/wp\/v2\/tags?post=19065"}],"curies":[{"name":"wp","href":"https:\/\/api.w.org\/{rel}","templated":true}]}}