{"id":1907,"date":"2026-08-06T14:47:11","date_gmt":"2026-08-06T13:47:11","guid":{"rendered":"https:\/\/nublo.tv\/?p=1907"},"modified":"2026-08-06T14:47:11","modified_gmt":"2026-08-06T13:47:11","slug":"temporada-1999-2000-quinto-titulo-para-la-u-d-las-palmas-atletico-con-juan-antonio-quintana-nieves-al-frente","status":"publish","type":"post","link":"https:\/\/nublo.tv\/index.php\/2026\/08\/06\/temporada-1999-2000-quinto-titulo-para-la-u-d-las-palmas-atletico-con-juan-antonio-quintana-nieves-al-frente\/","title":{"rendered":"Temporada 1999 \/ 2000: Quinto t\u00edtulo para la U.D. Las Palmas Atl\u00e9tico, con Juan Antonio Quintana Nieves al frente"},"content":{"rendered":"<div><img decoding=\"async\" src=\"https:\/\/www.fiflp.com\/pnfg\/pimg\/GestorContenidos\/00100_0001077175_1_Orotava__1__fotor_enhance_20260806105207.jpg\" style=\"width: 100%\" \/><\/p>\n<div>La U.D. Las Palmas Atl\u00e9tico conquist\u00f3 su quinto t\u00edtulo en diecis\u00e9is temporadas, nuevamente bajo la direcci\u00f3n t\u00e9cnica de Juan Antonio Quintana Nieves. &#8211; Federaci\u00f3n de F\u00fatbol de Las Palmas<\/div>\n<\/div>\n<p>La U.D. Orotava, entrenada por Crist\u00f3bal Marrero de La Rosa, volvi\u00f3 a proclamarse subcampeona. Gracias a ser el equipo no filial mejor clasificado, obtuvo plaza para disputar la Copa del Rey 2000\/2001, aunque no logr\u00f3 el ansiado ascenso a Segunda Divisi\u00f3n \u201cB\u201d. Tras la promoci\u00f3n, dicho ascenso fue finalmente para la U.D. Vecindario, dirigida por \u00abPacuco Rosales\u00bb.<\/p>\n<p>El C.D. Puerto Cruz y la U.D. Icodense regresaron a categor\u00eda nacional, pero ambos terminaron en puestos de descenso a Preferente Interinsular. Para los representantes de la localidad tur\u00edstica y de la ciudad del Drago, esta campa\u00f1a supuso su \u00faltima presencia en la categor\u00eda. Tambi\u00e9n el C.D. Maspalomas perdi\u00f3 su plaza.<\/p>\n<p>Por otro lado, el C.D. Orientaci\u00f3n Mar\u00edtima y el Castillo C.F. inscribieron por primera vez su nombre en la Tercera Divisi\u00f3n.<\/p>\n<p>En el apartado goleador, Francisco Jos\u00e9 Sabina Vera \u201cFran Sabina\u201d (U.D. Realejos) se proclam\u00f3 pichichi con 24 tantos, seguido por Antonio \u00c1ngel Mart\u00edn Medina \u201cTo\u00f1eca\u201d (C.D. San Isidro) con 22, y Cristian D\u00edaz Gonz\u00e1lez (U.D. Las Palmas Atl\u00e9tico).<\/p>\n<p>El trofeo Zamora fue para Sebasti\u00e1n Lozano Pe\u00f1ate \u201cChano Lozano\u201d (U.D. Vecindario), superando a Blas Ariel Romero Carro (C.D. Corralejo) y David Escobar Pacheco (U.D. Orotava).<\/p>\n","protected":false},"excerpt":{"rendered":"<p>La U.D. Las Palmas Atl\u00e9tico conquist\u00f3 su quinto t\u00edtulo en diecis\u00e9is temporadas, nuevamente bajo la direcci\u00f3n t\u00e9cnica de Juan Antonio Quintana Nieves. &#8211; Federaci\u00f3n de F\u00fatbol de Las Palmas<\/p>\n","protected":false},"author":1,"featured_media":1921,"comment_status":"open","ping_status":"open","sticky":false,"template":"","format":"standard","meta":{"wpai_generated_summary":"","wpai_meta_description":"","footnotes":""},"categories":[122],"tags":[],"class_list":["post-1907","post","type-post","status-publish","format-standard","has-post-thumbnail","hentry","category-deportes"],"_links":{"self":[{"href":"https:\/\/nublo.tv\/index.php\/wp-json\/wp\/v2\/posts\/1907","targetHints":{"allow":["GET"]}}],"collection":[{"href":"https:\/\/nublo.tv\/index.php\/wp-json\/wp\/v2\/posts"}],"about":[{"href":"https:\/\/nublo.tv\/index.php\/wp-json\/wp\/v2\/types\/post"}],"author":[{"embeddable":true,"href":"https:\/\/nublo.tv\/index.php\/wp-json\/wp\/v2\/users\/1"}],"replies":[{"embeddable":true,"href":"https:\/\/nublo.tv\/index.php\/wp-json\/wp\/v2\/comments?post=1907"}],"version-history":[{"count":1,"href":"https:\/\/nublo.tv\/index.php\/wp-json\/wp\/v2\/posts\/1907\/revisions"}],"predecessor-version":[{"id":1920,"href":"https:\/\/nublo.tv\/index.php\/wp-json\/wp\/v2\/posts\/1907\/revisions\/1920"}],"wp:featuredmedia":[{"embeddable":true,"href":"https:\/\/nublo.tv\/index.php\/wp-json\/wp\/v2\/media\/1921"}],"wp:attachment":[{"href":"https:\/\/nublo.tv\/index.php\/wp-json\/wp\/v2\/media?parent=1907"}],"wp:term":[{"taxonomy":"category","embeddable":true,"href":"https:\/\/nublo.tv\/index.php\/wp-json\/wp\/v2\/categories?post=1907"},{"taxonomy":"post_tag","embeddable":true,"href":"https:\/\/nublo.tv\/index.php\/wp-json\/wp\/v2\/tags?post=1907"}],"curies":[{"name":"wp","href":"https:\/\/api.w.org\/{rel}","templated":true}]}}