{"id":19070,"date":"2026-09-02T16:25:36","date_gmt":"2026-09-02T15:25:36","guid":{"rendered":"https:\/\/nublo.tv\/?p=19070"},"modified":"2026-09-02T16:25:36","modified_gmt":"2026-09-02T15:25:36","slug":"la-exposicion-con-macro-muestra-la-belleza-de-lo-diminuto-en-el-museo-de-historia-de-aguimes","status":"publish","type":"post","link":"https:\/\/nublo.tv\/index.php\/2026\/09\/02\/la-exposicion-con-macro-muestra-la-belleza-de-lo-diminuto-en-el-museo-de-historia-de-aguimes\/","title":{"rendered":"La exposici\u00f3n \u2018(Con) Macro\u2019 muestra la belleza de lo diminuto en el Museo de Historia de Ag\u00fcimes"},"content":{"rendered":"<p><strong>La Agrupaci\u00f3n Fotogr\u00e1fica Enfoques inaugura este jueves, 3 de septiembre, en el Museo de Historia de Ag\u00fcimes la exposici\u00f3n \u2018(Con) Macro\u2019, que podr\u00e1 visitarse hasta el 2 de octubre.<\/strong><\/p>\n<p>La Sala de Exposiciones del Museo de Historia de Ag\u00fcimes acoge desde las 20:00 de este jueves la muestra \u2018(Con) Macro\u2019, que explora el mundo de la macrofotograf\u00eda m\u00e1s all\u00e1 de los motivos naturales tradicionales. La exposici\u00f3n, organizada por la Agrupaci\u00f3n Fotogr\u00e1fica Enfoques, estar\u00e1 abierta al p\u00fablico hasta el 2 de octubre, de martes a s\u00e1bado, en horario de 9:00 a 17:00.<\/p>\n<p>La macrofotograf\u00eda suele asociarse a im\u00e1genes de flores o insectos, pero esta exposici\u00f3n ampl\u00eda su enfoque a letras, burbujas, texturas, reflejos, objetos cotidianos, geometr\u00edas y abstracciones, junto a los motivos naturales.<\/p>\n<p>La t\u00e9cnica permite captar detalles imperceptibles a simple vista, transformando elementos diminutos en protagonistas de la imagen. En ocasiones, las composiciones resultan tan abstractas que dificultan identificar el objeto fotografiado, destacando luces, desenfoques, texturas y formas. La exposici\u00f3n resalta dos cualidades clave para el fot\u00f3grafo: la visi\u00f3n y la paciencia, que permiten descubrir la belleza oculta en lo cotidiano.<\/p>\n<p>La Agrupaci\u00f3n Fotogr\u00e1fica Enfoques Photoart, con sede en Telde, se fund\u00f3 en 2014 y realiz\u00f3 su primera exposici\u00f3n colectiva al a\u00f1o siguiente. Actualmente, el colectivo re\u00fane a 25 fot\u00f3grafos que comparten su afici\u00f3n por la fotograf\u00eda y una filosof\u00eda basada en el aprendizaje conjunto.<\/p>\n<p><a href=\"https:\/\/aguimes.es\/wp-content\/uploads\/2026\/09\/Expo-Con-Macro-3-1920x960.jpg\" aria-label=\"Expo Con Macro 3\"> <img loading=\"lazy\" decoding=\"async\" class=\"wp-image-82443\" src=\"https:\/\/aguimes.es\/wp-content\/uploads\/2026\/09\/Expo-Con-Macro-3-1920x960.jpg\" alt=\"\" width=\"1920\" height=\"960\" data-skip-lazy=\"\" \/><img loading=\"lazy\" decoding=\"async\" class=\"wp-image-82443 vp-lazyload\" src=\"https:\/\/aguimes.es\/wp-content\/uploads\/2026\/09\/Expo-Con-Macro-3-1920x960.jpg\" alt=\"\" width=\"1920\" height=\"960\" data-src=\"https:\/\/aguimes.es\/wp-content\/uploads\/2026\/09\/Expo-Con-Macro-3-1920x960.jpg\" data-srcset=\"https:\/\/aguimes.es\/wp-content\/uploads\/2026\/09\/Expo-Con-Macro-3-1920x960.jpg 1920w, https:\/\/aguimes.es\/wp-content\/uploads\/2026\/09\/Expo-Con-Macro-3-300x150.jpg 300w, https:\/\/aguimes.es\/wp-content\/uploads\/2026\/09\/Expo-Con-Macro-3-1024x512.jpg 1024w, https:\/\/aguimes.es\/wp-content\/uploads\/2026\/09\/Expo-Con-Macro-3-768x384.jpg 768w, https:\/\/aguimes.es\/wp-content\/uploads\/2026\/09\/Expo-Con-Macro-3-1536x768.jpg 1536w, https:\/\/aguimes.es\/wp-content\/uploads\/2026\/09\/Expo-Con-Macro-3-2048x1024.jpg 2048w, https:\/\/aguimes.es\/wp-content\/uploads\/2026\/09\/Expo-Con-Macro-3-500x250.jpg 500w, https:\/\/aguimes.es\/wp-content\/uploads\/2026\/09\/Expo-Con-Macro-3-800x400.jpg 800w, https:\/\/aguimes.es\/wp-content\/uploads\/2026\/09\/Expo-Con-Macro-3-1280x640.jpg 1280w, https:\/\/aguimes.es\/wp-content\/uploads\/2026\/09\/Expo-Con-Macro-3-100x50.jpg 100w, https:\/\/aguimes.es\/wp-content\/uploads\/2026\/09\/Expo-Con-Macro-3-777x389.jpg 777w, https:\/\/aguimes.es\/wp-content\/uploads\/2026\/09\/Expo-Con-Macro-3-1064x532.jpg 1064w\" data-sizes=\"auto\" \/> <\/a><\/p>\n<h2 class=\"vp-portfolio__item-meta-title\">Expo Con Macro 3<\/h2>\n<p><a href=\"https:\/\/aguimes.es\/wp-content\/uploads\/2026\/09\/Expo-Con-Macro-4-1920x960.jpg\" aria-label=\"Expo Con Macro 4\"> <img loading=\"lazy\" decoding=\"async\" class=\"wp-image-82444\" src=\"https:\/\/aguimes.es\/wp-content\/uploads\/2026\/09\/Expo-Con-Macro-4-1920x960.jpg\" alt=\"\" width=\"1920\" height=\"960\" data-skip-lazy=\"\" \/><img loading=\"lazy\" decoding=\"async\" class=\"wp-image-82444 vp-lazyload\" src=\"https:\/\/aguimes.es\/wp-content\/uploads\/2026\/09\/Expo-Con-Macro-4-1920x960.jpg\" alt=\"\" width=\"1920\" height=\"960\" data-src=\"https:\/\/aguimes.es\/wp-content\/uploads\/2026\/09\/Expo-Con-Macro-4-1920x960.jpg\" data-srcset=\"https:\/\/aguimes.es\/wp-content\/uploads\/2026\/09\/Expo-Con-Macro-4-1920x960.jpg 1920w, https:\/\/aguimes.es\/wp-content\/uploads\/2026\/09\/Expo-Con-Macro-4-300x150.jpg 300w, https:\/\/aguimes.es\/wp-content\/uploads\/2026\/09\/Expo-Con-Macro-4-1024x512.jpg 1024w, https:\/\/aguimes.es\/wp-content\/uploads\/2026\/09\/Expo-Con-Macro-4-768x384.jpg 768w, https:\/\/aguimes.es\/wp-content\/uploads\/2026\/09\/Expo-Con-Macro-4-1536x768.jpg 1536w, https:\/\/aguimes.es\/wp-content\/uploads\/2026\/09\/Expo-Con-Macro-4-2048x1024.jpg 2048w, https:\/\/aguimes.es\/wp-content\/uploads\/2026\/09\/Expo-Con-Macro-4-500x250.jpg 500w, https:\/\/aguimes.es\/wp-content\/uploads\/2026\/09\/Expo-Con-Macro-4-800x400.jpg 800w, https:\/\/aguimes.es\/wp-content\/uploads\/2026\/09\/Expo-Con-Macro-4-1280x640.jpg 1280w, https:\/\/aguimes.es\/wp-content\/uploads\/2026\/09\/Expo-Con-Macro-4-100x50.jpg 100w, https:\/\/aguimes.es\/wp-content\/uploads\/2026\/09\/Expo-Con-Macro-4-777x389.jpg 777w, https:\/\/aguimes.es\/wp-content\/uploads\/2026\/09\/Expo-Con-Macro-4-1064x532.jpg 1064w\" data-sizes=\"auto\" \/> <\/a><\/p>\n<h2 class=\"vp-portfolio__item-meta-title\">Expo Con Macro 4<\/h2>\n<p><a href=\"https:\/\/aguimes.es\/wp-content\/uploads\/2026\/09\/Expo-Con-Macro-5-1920x960.jpg\" aria-label=\"Expo Con Macro 5\"> <img loading=\"lazy\" decoding=\"async\" class=\"wp-image-82445\" src=\"https:\/\/aguimes.es\/wp-content\/uploads\/2026\/09\/Expo-Con-Macro-5-1920x960.jpg\" alt=\"\" width=\"1920\" height=\"960\" data-skip-lazy=\"\" \/><img loading=\"lazy\" decoding=\"async\" class=\"wp-image-82445 vp-lazyload\" src=\"https:\/\/aguimes.es\/wp-content\/uploads\/2026\/09\/Expo-Con-Macro-5-1920x960.jpg\" alt=\"\" width=\"1920\" height=\"960\" data-src=\"https:\/\/aguimes.es\/wp-content\/uploads\/2026\/09\/Expo-Con-Macro-5-1920x960.jpg\" data-srcset=\"https:\/\/aguimes.es\/wp-content\/uploads\/2026\/09\/Expo-Con-Macro-5-1920x960.jpg 1920w, https:\/\/aguimes.es\/wp-content\/uploads\/2026\/09\/Expo-Con-Macro-5-300x150.jpg 300w, https:\/\/aguimes.es\/wp-content\/uploads\/2026\/09\/Expo-Con-Macro-5-1024x512.jpg 1024w, https:\/\/aguimes.es\/wp-content\/uploads\/2026\/09\/Expo-Con-Macro-5-768x384.jpg 768w, https:\/\/aguimes.es\/wp-content\/uploads\/2026\/09\/Expo-Con-Macro-5-1536x768.jpg 1536w, https:\/\/aguimes.es\/wp-content\/uploads\/2026\/09\/Expo-Con-Macro-5-2048x1024.jpg 2048w, https:\/\/aguimes.es\/wp-content\/uploads\/2026\/09\/Expo-Con-Macro-5-500x250.jpg 500w, https:\/\/aguimes.es\/wp-content\/uploads\/2026\/09\/Expo-Con-Macro-5-800x400.jpg 800w, https:\/\/aguimes.es\/wp-content\/uploads\/2026\/09\/Expo-Con-Macro-5-1280x640.jpg 1280w, https:\/\/aguimes.es\/wp-content\/uploads\/2026\/09\/Expo-Con-Macro-5-100x50.jpg 100w, https:\/\/aguimes.es\/wp-content\/uploads\/2026\/09\/Expo-Con-Macro-5-777x389.jpg 777w, https:\/\/aguimes.es\/wp-content\/uploads\/2026\/09\/Expo-Con-Macro-5-1064x532.jpg 1064w\" data-sizes=\"auto\" \/> <\/a><\/p>\n<h2 class=\"vp-portfolio__item-meta-title\">Expo Con Macro 5<\/h2>\n<p><a href=\"https:\/\/aguimes.es\/wp-content\/uploads\/2026\/09\/Expo-Con-Macro-1-1920x960.jpg\" aria-label=\"Expo Con Macro 1\"> <img loading=\"lazy\" decoding=\"async\" class=\"wp-image-82446\" src=\"https:\/\/aguimes.es\/wp-content\/uploads\/2026\/09\/Expo-Con-Macro-1-1920x960.jpg\" alt=\"\" width=\"1920\" height=\"960\" data-skip-lazy=\"\" \/><img loading=\"lazy\" decoding=\"async\" class=\"wp-image-82446 vp-lazyload\" src=\"https:\/\/aguimes.es\/wp-content\/uploads\/2026\/09\/Expo-Con-Macro-1-1920x960.jpg\" alt=\"\" width=\"1920\" height=\"960\" data-src=\"https:\/\/aguimes.es\/wp-content\/uploads\/2026\/09\/Expo-Con-Macro-1-1920x960.jpg\" data-srcset=\"https:\/\/aguimes.es\/wp-content\/uploads\/2026\/09\/Expo-Con-Macro-1-1920x960.jpg 1920w, https:\/\/aguimes.es\/wp-content\/uploads\/2026\/09\/Expo-Con-Macro-1-300x150.jpg 300w, https:\/\/aguimes.es\/wp-content\/uploads\/2026\/09\/Expo-Con-Macro-1-1024x512.jpg 1024w, https:\/\/aguimes.es\/wp-content\/uploads\/2026\/09\/Expo-Con-Macro-1-768x384.jpg 768w, https:\/\/aguimes.es\/wp-content\/uploads\/2026\/09\/Expo-Con-Macro-1-1536x768.jpg 1536w, https:\/\/aguimes.es\/wp-content\/uploads\/2026\/09\/Expo-Con-Macro-1-2048x1024.jpg 2048w, https:\/\/aguimes.es\/wp-content\/uploads\/2026\/09\/Expo-Con-Macro-1-500x250.jpg 500w, https:\/\/aguimes.es\/wp-content\/uploads\/2026\/09\/Expo-Con-Macro-1-800x400.jpg 800w, https:\/\/aguimes.es\/wp-content\/uploads\/2026\/09\/Expo-Con-Macro-1-1280x640.jpg 1280w, https:\/\/aguimes.es\/wp-content\/uploads\/2026\/09\/Expo-Con-Macro-1-100x50.jpg 100w, https:\/\/aguimes.es\/wp-content\/uploads\/2026\/09\/Expo-Con-Macro-1-777x389.jpg 777w, https:\/\/aguimes.es\/wp-content\/uploads\/2026\/09\/Expo-Con-Macro-1-1064x532.jpg 1064w\" data-sizes=\"auto\" \/> <\/a><\/p>\n<h2 class=\"vp-portfolio__item-meta-title\">Expo Con Macro 1<\/h2>\n<p><a href=\"https:\/\/aguimes.es\/wp-content\/uploads\/2026\/09\/Expo-Con-Macro-2-1920x960.jpg\" aria-label=\"Expo Con Macro 2\"> <img loading=\"lazy\" decoding=\"async\" class=\"wp-image-82447\" src=\"https:\/\/aguimes.es\/wp-content\/uploads\/2026\/09\/Expo-Con-Macro-2-1920x960.jpg\" alt=\"\" width=\"1920\" height=\"960\" data-skip-lazy=\"\" \/><img loading=\"lazy\" decoding=\"async\" class=\"wp-image-82447 vp-lazyload\" src=\"https:\/\/aguimes.es\/wp-content\/uploads\/2026\/09\/Expo-Con-Macro-2-1920x960.jpg\" alt=\"\" width=\"1920\" height=\"960\" data-src=\"https:\/\/aguimes.es\/wp-content\/uploads\/2026\/09\/Expo-Con-Macro-2-1920x960.jpg\" data-srcset=\"https:\/\/aguimes.es\/wp-content\/uploads\/2026\/09\/Expo-Con-Macro-2-1920x960.jpg 1920w, https:\/\/aguimes.es\/wp-content\/uploads\/2026\/09\/Expo-Con-Macro-2-300x150.jpg 300w, https:\/\/aguimes.es\/wp-content\/uploads\/2026\/09\/Expo-Con-Macro-2-1024x512.jpg 1024w, https:\/\/aguimes.es\/wp-content\/uploads\/2026\/09\/Expo-Con-Macro-2-768x384.jpg 768w, https:\/\/aguimes.es\/wp-content\/uploads\/2026\/09\/Expo-Con-Macro-2-1536x768.jpg 1536w, https:\/\/aguimes.es\/wp-content\/uploads\/2026\/09\/Expo-Con-Macro-2-2048x1024.jpg 2048w, https:\/\/aguimes.es\/wp-content\/uploads\/2026\/09\/Expo-Con-Macro-2-500x250.jpg 500w, https:\/\/aguimes.es\/wp-content\/uploads\/2026\/09\/Expo-Con-Macro-2-800x400.jpg 800w, https:\/\/aguimes.es\/wp-content\/uploads\/2026\/09\/Expo-Con-Macro-2-1280x640.jpg 1280w, https:\/\/aguimes.es\/wp-content\/uploads\/2026\/09\/Expo-Con-Macro-2-100x50.jpg 100w, https:\/\/aguimes.es\/wp-content\/uploads\/2026\/09\/Expo-Con-Macro-2-777x389.jpg 777w, https:\/\/aguimes.es\/wp-content\/uploads\/2026\/09\/Expo-Con-Macro-2-1064x532.jpg 1064w\" data-sizes=\"auto\" \/> <\/a><\/p>\n<h2 class=\"vp-portfolio__item-meta-title\">Expo Con Macro 2<\/h2>\n<p><img loading=\"lazy\" decoding=\"async\" src=\"https:\/\/aguimes.es\/wp-content\/plugins\/visual-portfolio\/assets\/images\/logo-dark.svg\" alt=\"Visual Portfolio, Posts &amp; Image Gallery para WordPress\" width=\"20\" height=\"20\" data-skip-lazy=\"\" \/><\/p>\n","protected":false},"excerpt":{"rendered":"<p>La muestra podr\u00e1 visitarse en el Museo de Historia de Ag\u00fcimes del 3 de septiembre al 2 de octubre y re\u00fane diferentes miradas sobre el mundo de la fotograf\u00eda ampliada.\u00a0\u00a0\u00a0\u00a0\u00a0\u00a0\u00a0&hellip;<\/p>\n","protected":false},"author":1,"featured_media":19095,"comment_status":"open","ping_status":"open","sticky":false,"template":"","format":"standard","meta":{"wpai_generated_summary":"","wpai_meta_description":"","footnotes":""},"categories":[125],"tags":[],"class_list":["post-19070","post","type-post","status-publish","format-standard","has-post-thumbnail","hentry","category-ayuntamiento-de-aguimes"],"_links":{"self":[{"href":"https:\/\/nublo.tv\/index.php\/wp-json\/wp\/v2\/posts\/19070","targetHints":{"allow":["GET"]}}],"collection":[{"href":"https:\/\/nublo.tv\/index.php\/wp-json\/wp\/v2\/posts"}],"about":[{"href":"https:\/\/nublo.tv\/index.php\/wp-json\/wp\/v2\/types\/post"}],"author":[{"embeddable":true,"href":"https:\/\/nublo.tv\/index.php\/wp-json\/wp\/v2\/users\/1"}],"replies":[{"embeddable":true,"href":"https:\/\/nublo.tv\/index.php\/wp-json\/wp\/v2\/comments?post=19070"}],"version-history":[{"count":2,"href":"https:\/\/nublo.tv\/index.php\/wp-json\/wp\/v2\/posts\/19070\/revisions"}],"predecessor-version":[{"id":19103,"href":"https:\/\/nublo.tv\/index.php\/wp-json\/wp\/v2\/posts\/19070\/revisions\/19103"}],"wp:featuredmedia":[{"embeddable":true,"href":"https:\/\/nublo.tv\/index.php\/wp-json\/wp\/v2\/media\/19095"}],"wp:attachment":[{"href":"https:\/\/nublo.tv\/index.php\/wp-json\/wp\/v2\/media?parent=19070"}],"wp:term":[{"taxonomy":"category","embeddable":true,"href":"https:\/\/nublo.tv\/index.php\/wp-json\/wp\/v2\/categories?post=19070"},{"taxonomy":"post_tag","embeddable":true,"href":"https:\/\/nublo.tv\/index.php\/wp-json\/wp\/v2\/tags?post=19070"}],"curies":[{"name":"wp","href":"https:\/\/api.w.org\/{rel}","templated":true}]}}