{"id":19073,"date":"2026-09-02T16:56:11","date_gmt":"2026-09-02T15:56:11","guid":{"rendered":"https:\/\/nublo.tv\/?p=19073"},"modified":"2026-09-02T16:56:11","modified_gmt":"2026-09-02T15:56:11","slug":"nena-daconte-actua-en-teror-la-noche-de-la-bajada-de-la-virgen-el-5-de-septiembre","status":"publish","type":"post","link":"https:\/\/nublo.tv\/index.php\/2026\/09\/02\/nena-daconte-actua-en-teror-la-noche-de-la-bajada-de-la-virgen-el-5-de-septiembre\/","title":{"rendered":"Nena Daconte act\u00faa en Teror la noche de la Bajada de la Virgen, el 5 de septiembre"},"content":{"rendered":"<p><strong>La cantante Nena Daconte ofrecer\u00e1 un concierto en la Plaza de Sintes de Teror el s\u00e1bado 5 de septiembre a las 22:30 horas, dentro de la Fiesta del Pino, con entrada gratuita.<\/strong><\/p>\n<p>Antes de su actuaci\u00f3n, a las 21:00 horas, el cantante Samuel Tosso interpretar\u00e1 el \u2018Tributo a Manuel Carrasco\u2019 en el mismo escenario. La noche cerrar\u00e1 con las actuaciones de Miss Music Band y Aithamy Dj.<\/p>\n<p>Nena Daconte, acompa\u00f1ada de su banda, presentar\u00e1 en Teror su gira de 20\u00ba aniversario, con un repertorio que incluye sus grandes \u00e9xitos con un sonido renovado. La artista, cuyo nombre real es Mar\u00eda Meneses, debut\u00f3 en 2006 con el \u00e1lbum \u00abHe perdido los zapatos\u00bb, obra que marc\u00f3 un antes y despu\u00e9s en su carrera y en el pop en espa\u00f1ol.<\/p>\n<p>Para celebrar estas dos d\u00e9cadas, ha lanzado \u00abIdiota \u2013 Edici\u00f3n 20 Aniversario\u00bb, una versi\u00f3n revisitada de la canci\u00f3n que inici\u00f3 su trayectoria, y el \u00e1lbum \u00ab20 A\u00f1os buscando los zapatos\u00bb, donde reinterpretar\u00e1 sus temas con un estilo m\u00e1s el\u00e9ctrico y libre.<\/p>\n<p><a href=\"https:\/\/teror.es\/wp-content\/uploads\/2026\/09\/tributo_ManuelCarrasco.jpg\"><img loading=\"lazy\" decoding=\"async\" class=\"alignright size-vp_sm wp-image-99519\" src=\"https:\/\/teror.es\/wp-content\/uploads\/2026\/09\/tributo_ManuelCarrasco-500x185.jpg\" alt=\"\" width=\"500\" height=\"185\" \/><\/a>El \u2018Tributo a Manuel Carrasco\u2019 es un espect\u00e1culo musical en el que Samuel Tosso recrea los \u00e9xitos del artista de Isla Cristina. Tosso, productor audiovisual, ha destacado por su parecido vocal con Carrasco y su capacidad para transmitir la sensibilidad de sus canciones, ganando admiraci\u00f3n en redes sociales y salas de conciertos.<\/p>\n","protected":false},"excerpt":{"rendered":"<p>Antes de su concierto a las 22:30 horas le precede la actuaci\u00f3n \u2018Tributo a Manuel Carrasco\u2019, en la voz de Samuel Tosso, a las 21:00 horas. El programa musical de&hellip;<\/p>\n","protected":false},"author":1,"featured_media":19134,"comment_status":"open","ping_status":"open","sticky":false,"template":"","format":"standard","meta":{"wpai_generated_summary":"","wpai_meta_description":"","footnotes":""},"categories":[141],"tags":[],"class_list":["post-19073","post","type-post","status-publish","format-standard","has-post-thumbnail","hentry","category-ayuntamiento-de-teror"],"_links":{"self":[{"href":"https:\/\/nublo.tv\/index.php\/wp-json\/wp\/v2\/posts\/19073","targetHints":{"allow":["GET"]}}],"collection":[{"href":"https:\/\/nublo.tv\/index.php\/wp-json\/wp\/v2\/posts"}],"about":[{"href":"https:\/\/nublo.tv\/index.php\/wp-json\/wp\/v2\/types\/post"}],"author":[{"embeddable":true,"href":"https:\/\/nublo.tv\/index.php\/wp-json\/wp\/v2\/users\/1"}],"replies":[{"embeddable":true,"href":"https:\/\/nublo.tv\/index.php\/wp-json\/wp\/v2\/comments?post=19073"}],"version-history":[{"count":3,"href":"https:\/\/nublo.tv\/index.php\/wp-json\/wp\/v2\/posts\/19073\/revisions"}],"predecessor-version":[{"id":19140,"href":"https:\/\/nublo.tv\/index.php\/wp-json\/wp\/v2\/posts\/19073\/revisions\/19140"}],"wp:featuredmedia":[{"embeddable":true,"href":"https:\/\/nublo.tv\/index.php\/wp-json\/wp\/v2\/media\/19134"}],"wp:attachment":[{"href":"https:\/\/nublo.tv\/index.php\/wp-json\/wp\/v2\/media?parent=19073"}],"wp:term":[{"taxonomy":"category","embeddable":true,"href":"https:\/\/nublo.tv\/index.php\/wp-json\/wp\/v2\/categories?post=19073"},{"taxonomy":"post_tag","embeddable":true,"href":"https:\/\/nublo.tv\/index.php\/wp-json\/wp\/v2\/tags?post=19073"}],"curies":[{"name":"wp","href":"https:\/\/api.w.org\/{rel}","templated":true}]}}