{"id":19080,"date":"2026-09-02T16:55:50","date_gmt":"2026-09-02T15:55:50","guid":{"rendered":"https:\/\/nublo.tv\/?p=19080"},"modified":"2026-09-02T16:55:50","modified_gmt":"2026-09-02T15:55:50","slug":"las-palmas-de-gran-canaria-recupera-1-168-empleos-en-agosto-con-un-descenso-del-paro-del-39","status":"publish","type":"post","link":"https:\/\/nublo.tv\/index.php\/2026\/09\/02\/las-palmas-de-gran-canaria-recupera-1-168-empleos-en-agosto-con-un-descenso-del-paro-del-39\/","title":{"rendered":"Las Palmas de Gran Canaria recupera 1.168 empleos en agosto con un descenso del paro del 3,9%"},"content":{"rendered":"<p><strong>Las Palmas de Gran Canaria cerr\u00f3 agosto con 1.168 empleos m\u00e1s que en el mismo mes de 2025, un aumento del 3,9%, seg\u00fan datos del Ayuntamiento.<\/strong><\/p>\n<p>El concejal de Empleo, Movilidad y Distrito Centro, Jos\u00e9 Eduardo Ram\u00edrez, destac\u00f3 que \u00ablos datos de agosto confirman una evoluci\u00f3n favorable del mercado laboral de la ciudad, con una mejora que alcanza por igual a mujeres y hombres y en casi todos los sectores de actividad, lo que refleja una recuperaci\u00f3n amplia y sostenida del empleo en la capital\u00bb.<\/p>\n<p>Ram\u00edrez a\u00f1adi\u00f3 que \u00abjunto al descenso del paro, la evoluci\u00f3n de la contrataci\u00f3n muestra el dinamismo de la econom\u00eda local, con el objetivo de que este crecimiento se traduzca en empleo estable y de calidad, reforzando la formaci\u00f3n y las pol\u00edticas de inserci\u00f3n laboral para llegar especialmente a quienes encuentran mayores dificultades para acceder al mercado de trabajo\u00bb.<\/p>\n<p>El empleo crece especialmente entre las personas de 45 a\u00f1os o m\u00e1s (4,9% interanual), seguido del grupo de 25 a 44 a\u00f1os (2,3%) y los menores de 25 a\u00f1os (0,7% de descenso del paro).<\/p>\n<p>Por niveles formativos, el mayor aumento se registra en personas con educaci\u00f3n secundaria (5,7% interanual), educaci\u00f3n primaria (3,7%) y formaci\u00f3n profesional (3,1% respecto a junio de 2025).<\/p>\n<p>Por sectores, la construcci\u00f3n lidera el crecimiento con un 11,1% m\u00e1s de empleo (7,68% del paro total, 2.217 personas), seguida del comercio (9%, 15,81% del paro, 4.563 personas) y la agricultura (7%, 0,78% del paro, 225 personas). La hosteler\u00eda registra un aumento del 3% (11,08% del paro, 3.197 personas), los resto de servicios un 2,1% (52,08% del paro, 15.028 personas) y la industria un 1,2% (3,84% del paro, 1.108 personas).<\/p>\n<p>El empleo entre parados de larga duraci\u00f3n sube un 9,33% interanual (47,02% del total, 13.566 personas), mientras que en el resto de parados el aumento es del 1% (52,98%, 15.287 personas).<\/p>\n<p>El 59,79% de los parados (17.252 personas) no percibe prestaci\u00f3n alguna, con un crecimiento del empleo del 14,53% interanual. El 19,82% (5.719 personas) recibe prestaci\u00f3n contributiva (6,86% m\u00e1s de empleo), el 20,38% (5.880 personas) subsidio por desempleo (36,52% m\u00e1s) y solo 2 personas perciben renta activa de inserci\u00f3n (0,01%), con un descenso del desempleo del 98,88% interanual.<\/p>\n<p>En agosto se firmaron 11.267 contratos, un 13% m\u00e1s que en 2025. De ellos, el 42,98% son indefinidos (6,56% m\u00e1s interanual) y el 56,47% temporales (0,87% m\u00e1s).<\/p>\n","protected":false},"excerpt":{"rendered":"<p>El paro desciende en Las Palmas de Gran Canaria un 3,9% con relaci\u00f3n al a\u00f1o pasado La subida del empleo est\u00e1 liderada este mes por los sectores de la construcci\u00f3n,&hellip;<\/p>\n","protected":false},"author":1,"featured_media":19128,"comment_status":"open","ping_status":"open","sticky":false,"template":"","format":"standard","meta":{"wpai_generated_summary":"","wpai_meta_description":"","footnotes":""},"categories":[132],"tags":[],"class_list":["post-19080","post","type-post","status-publish","format-standard","has-post-thumbnail","hentry","category-ayuntamiento-de-las-palmas-de-gran-canaria"],"_links":{"self":[{"href":"https:\/\/nublo.tv\/index.php\/wp-json\/wp\/v2\/posts\/19080","targetHints":{"allow":["GET"]}}],"collection":[{"href":"https:\/\/nublo.tv\/index.php\/wp-json\/wp\/v2\/posts"}],"about":[{"href":"https:\/\/nublo.tv\/index.php\/wp-json\/wp\/v2\/types\/post"}],"author":[{"embeddable":true,"href":"https:\/\/nublo.tv\/index.php\/wp-json\/wp\/v2\/users\/1"}],"replies":[{"embeddable":true,"href":"https:\/\/nublo.tv\/index.php\/wp-json\/wp\/v2\/comments?post=19080"}],"version-history":[{"count":3,"href":"https:\/\/nublo.tv\/index.php\/wp-json\/wp\/v2\/posts\/19080\/revisions"}],"predecessor-version":[{"id":19137,"href":"https:\/\/nublo.tv\/index.php\/wp-json\/wp\/v2\/posts\/19080\/revisions\/19137"}],"wp:featuredmedia":[{"embeddable":true,"href":"https:\/\/nublo.tv\/index.php\/wp-json\/wp\/v2\/media\/19128"}],"wp:attachment":[{"href":"https:\/\/nublo.tv\/index.php\/wp-json\/wp\/v2\/media?parent=19080"}],"wp:term":[{"taxonomy":"category","embeddable":true,"href":"https:\/\/nublo.tv\/index.php\/wp-json\/wp\/v2\/categories?post=19080"},{"taxonomy":"post_tag","embeddable":true,"href":"https:\/\/nublo.tv\/index.php\/wp-json\/wp\/v2\/tags?post=19080"}],"curies":[{"name":"wp","href":"https:\/\/api.w.org\/{rel}","templated":true}]}}