{"id":19082,"date":"2026-09-02T17:20:06","date_gmt":"2026-09-02T16:20:06","guid":{"rendered":"https:\/\/nublo.tv\/?p=19082"},"modified":"2026-09-02T17:20:06","modified_gmt":"2026-09-02T16:20:06","slug":"el-ayuntamiento-prepara-un-dispositivo-especial-de-seguridad-y-limpieza-con-motivo-de-las-fiestas-del-pino-de-teror","status":"publish","type":"post","link":"https:\/\/nublo.tv\/index.php\/2026\/09\/02\/el-ayuntamiento-prepara-un-dispositivo-especial-de-seguridad-y-limpieza-con-motivo-de-las-fiestas-del-pino-de-teror\/","title":{"rendered":"El Ayuntamiento prepara un dispositivo especial de seguridad y limpieza con motivo de las Fiestas del Pino de Teror"},"content":{"rendered":"<p>La alcaldesa de Las Palmas de Gran Canaria, Carolina Darias, y el alcalde de Teror, Jos\u00e9 Agust\u00edn Arencibia, han ultimado este mi\u00e9rcoles el dispositivo especial de seguridad, tr\u00e1fico y limpieza con motivo de las Fiestas del Pino. Durante el encuentro institucional, que ha contado tambi\u00e9n con el primer teniente de alcalde de Teror, Sergio Nuez, se han concretado los operativos para proteger a los peregrinos y los detalles de la participaci\u00f3n de la capital en la tradicional Romer\u00eda-Ofrenda del 7 de septiembre.<br \/>\nParticipaci\u00f3n en la Romer\u00eda-Ofrenda<\/p>\n<ul>\n<li><strong>Dise\u00f1o de la carreta:<\/strong> La capital cerrar\u00e1 el desfile institucional con la propuesta \u2018Mercado de Vegueta, una puerta a los saberes y sabores\u2019, dise\u00f1ada por el Instituto Canario de las Tradiciones.<\/li>\n<li><strong>Decoraci\u00f3n y homenaje:<\/strong> La estructura lucir\u00e1 arreglos florales y productos agr\u00edcolas cedidos por Mercalaspalmas, como tributo al v\u00ednculo de la ciudad con el sector primario.<\/li>\n<li><strong>Comitiva municipal:<\/strong> Encabezada por la alcaldesa, la representaci\u00f3n contar\u00e1 con el acompa\u00f1amiento musical del grupo Los Gofiones y del cuerpo de baile Flor Canaria del Atl\u00e1ntico hasta la Bas\u00edlica de la Virgen del Pino.<\/li>\n<\/ul>\n<p>Dispositivo de Seguridad y Tr\u00e1fico<\/p>\n<ul>\n<li><strong>Cierres en la GC-21:<\/strong> El tramo entre Tamaraceite y Teror (puntos kilom\u00e9tricos 1+160 a 13+000) quedar\u00e1 cerrado al tr\u00e1fico en ambos sentidos desde las 19:00 horas del lunes 7 de septiembre hasta las 02:00 horas de la madrugada del martes 8.<\/li>\n<li><strong>Circulaci\u00f3n de sentido \u00fanico:<\/strong> Fuera de la franja de cierre total, la v\u00eda operar\u00e1 en sentido \u00fanico hacia Teror el d\u00eda 7 (de 07:00 a 19:00 horas) y el d\u00eda 8 (de 02:00 a 15:00 horas).<\/li>\n<li><strong>Vigilancia y asistencia:<\/strong> La Polic\u00eda Local y Nacional coordinar\u00e1n la seguridad ciudadana en barrios perif\u00e9ricos como Cruz del Ovejero, Ciudad del Campo y La Galera. Asimismo, Protecci\u00f3n Civil instalar\u00e1 un ret\u00e9n preventivo en la rotonda de Piletas para asistir a los peregrinos.<\/li>\n<\/ul>\n<p>Operativo Especial de Limpieza<br \/>\nEl Ayuntamiento capitalino destinar\u00e1 26 operarios y 14 veh\u00edculos para garantizar la salubridad de las rutas, dividiendo el plan en cuatro fases de actuaci\u00f3n:<\/p>\n<ul>\n<li><strong>1 de septiembre:<\/strong> Colocaci\u00f3n inicial de 60 contenedores de fracci\u00f3n resto en el entorno del Mirador de San Mat\u00edas.<\/li>\n<li><strong>Madrugada del 8 de septiembre:<\/strong> Labores de barrido y baldeo mecanizado a partir de las 02:30 horas, con la intervenci\u00f3n de diez trabajadores y seis veh\u00edculos especiales.<\/li>\n<li><strong>14 de septiembre:<\/strong> Segunda batida de barrido y baldeo en las zonas de paso, replicando los recursos de la fase anterior.<\/li>\n<li><strong>15 de septiembre:<\/strong> Desmontaje del dispositivo y retirada definitiva de los 60 contenedores instalados para la peregrinaci\u00f3n.<\/li>\n<\/ul>\n","protected":false},"excerpt":{"rendered":"<p>La alcaldesa, Carolina Darias, recibe al alcalde de la Villa de Teror, Jos\u00e9 Agust\u00edn Arencibia, para ultimar los detalles de los operativos que desarrollar\u00e1n los servicios municipalesPolic\u00eda Local y Protecci\u00f3n&hellip;<\/p>\n","protected":false},"author":1,"featured_media":19161,"comment_status":"open","ping_status":"open","sticky":false,"template":"","format":"standard","meta":{"wpai_generated_summary":"","wpai_meta_description":"","footnotes":""},"categories":[132],"tags":[],"class_list":["post-19082","post","type-post","status-publish","format-standard","has-post-thumbnail","hentry","category-ayuntamiento-de-las-palmas-de-gran-canaria"],"_links":{"self":[{"href":"https:\/\/nublo.tv\/index.php\/wp-json\/wp\/v2\/posts\/19082","targetHints":{"allow":["GET"]}}],"collection":[{"href":"https:\/\/nublo.tv\/index.php\/wp-json\/wp\/v2\/posts"}],"about":[{"href":"https:\/\/nublo.tv\/index.php\/wp-json\/wp\/v2\/types\/post"}],"author":[{"embeddable":true,"href":"https:\/\/nublo.tv\/index.php\/wp-json\/wp\/v2\/users\/1"}],"replies":[{"embeddable":true,"href":"https:\/\/nublo.tv\/index.php\/wp-json\/wp\/v2\/comments?post=19082"}],"version-history":[{"count":2,"href":"https:\/\/nublo.tv\/index.php\/wp-json\/wp\/v2\/posts\/19082\/revisions"}],"predecessor-version":[{"id":19160,"href":"https:\/\/nublo.tv\/index.php\/wp-json\/wp\/v2\/posts\/19082\/revisions\/19160"}],"wp:featuredmedia":[{"embeddable":true,"href":"https:\/\/nublo.tv\/index.php\/wp-json\/wp\/v2\/media\/19161"}],"wp:attachment":[{"href":"https:\/\/nublo.tv\/index.php\/wp-json\/wp\/v2\/media?parent=19082"}],"wp:term":[{"taxonomy":"category","embeddable":true,"href":"https:\/\/nublo.tv\/index.php\/wp-json\/wp\/v2\/categories?post=19082"},{"taxonomy":"post_tag","embeddable":true,"href":"https:\/\/nublo.tv\/index.php\/wp-json\/wp\/v2\/tags?post=19082"}],"curies":[{"name":"wp","href":"https:\/\/api.w.org\/{rel}","templated":true}]}}