{"id":1909,"date":"2026-08-06T14:47:02","date_gmt":"2026-08-06T13:47:02","guid":{"rendered":"https:\/\/nublo.tv\/?p=1909"},"modified":"2026-08-06T14:47:02","modified_gmt":"2026-08-06T13:47:02","slug":"la-fundacion-canaria-de-la-fiflp-y-el-gobierno-de-canarias-impulsan-la-segunda-convocatoria-de-ayudas-a-la-practica-deportiva-federada-para-menores-de-16-anos","status":"publish","type":"post","link":"https:\/\/nublo.tv\/index.php\/2026\/08\/06\/la-fundacion-canaria-de-la-fiflp-y-el-gobierno-de-canarias-impulsan-la-segunda-convocatoria-de-ayudas-a-la-practica-deportiva-federada-para-menores-de-16-anos\/","title":{"rendered":"La Fundaci\u00f3n Canaria de la FIFLP y el Gobierno de Canarias impulsan la segunda convocatoria de Ayudas a la Pr\u00e1ctica Deportiva Federada para menores de 16 a\u00f1os"},"content":{"rendered":"<div><img decoding=\"async\" src=\"https:\/\/www.fiflp.com\/pnfg\/pimg\/GestorContenidos\/00100_0001077173_1_RRSS.png\" style=\"width: 100%\" \/><\/p>\n<div>La iniciativa busca facilitar el acceso al deporte federado y garantizar que ning\u00fan ni\u00f1o o ni\u00f1a deje de practicar su modalidad deportiva por motivos econ\u00f3micos. &#8211; Federaci\u00f3n de F\u00fatbol de Las Palmas<\/div>\n<\/div>\n<p>La Fundaci\u00f3n Canaria de la Federaci\u00f3n Interinsular de F\u00fatbol de Las Palmas (FIFLP), en colaboraci\u00f3n con la Consejer\u00eda de Educaci\u00f3n, Formaci\u00f3n Profesional, Actividad F\u00edsica y Deportes del Gobierno de Canarias, ha abierto la segunda convocatoria de las Ayudas a la Pr\u00e1ctica Deportiva Federada, una iniciativa destinada a apoyar a los y las deportistas menores de 16 a\u00f1os de la provincia de Las Palmas y continuar fomentando la participaci\u00f3n en el deporte federado.<\/p>\n<p>Con esta nueva convocatoria, ambas entidades reafirman su compromiso con la promoci\u00f3n de la actividad f\u00edsica como una herramienta fundamental para el desarrollo integral de la infancia y la juventud, favoreciendo la igualdad de oportunidades y eliminando barreras econ\u00f3micas que puedan dificultar el acceso al deporte.<\/p>\n<p>Las ayudas est\u00e1n dirigidas a deportistas federados\/as menores de 16 a\u00f1os que residan y compitan en la provincia de Las Palmas, con independencia de la modalidad deportiva que practiquen, siempre que cumplan los requisitos establecidos en las bases reguladoras de la convocatoria.<\/p>\n<p>El plazo para la presentaci\u00f3n de solicitudes permanecer\u00e1 abierto desde el 17 de agosto hasta el 16 de octubre de 2026. Las solicitudes deber\u00e1n ser tramitadas por el club deportivo al que pertenezca el deportista o, en caso de que la modalidad deportiva no cuente con club y pueda hacerlo la federaci\u00f3n deportiva correspondiente.<\/p>\n<p>Toda la informaci\u00f3n relativa a la convocatoria, incluyendo las bases reguladoras, los requisitos de participaci\u00f3n, la documentaci\u00f3n necesaria y el procedimiento de solicitud, ya se encuentra disponible en la p\u00e1gina web oficial de la Federaci\u00f3n Interinsular de F\u00fatbol de Las Palmas, dentro del apartado dedicado a la Fundaci\u00f3n &gt; Procedimientos  &gt; Ayuda Gobierno de Canarias, o pinchando en el siguiente enlace: https:\/\/www.fiflp.com\/pnfg\/NNws_ShwNewDup?codigo=1059812&amp;cod_primaria=3001855&amp;cod_secundaria=3001855<\/p>\n<p>Esta segunda convocatoria da continuidad a una l\u00ednea de actuaci\u00f3n que tiene como principal objetivo facilitar que cada vez m\u00e1s ni\u00f1os y ni\u00f1as puedan desarrollar su actividad deportiva en igualdad de condiciones, reforzando el papel del deporte como un espacio de aprendizaje, convivencia, inclusi\u00f3n y adquisici\u00f3n de valores.<\/p>\n<p>Desde la Fundaci\u00f3n Canaria de la FIFLP y la Consejer\u00eda de Educaci\u00f3n, Formaci\u00f3n Profesional, Actividad F\u00edsica y Deportes del Gobierno de Canarias se anima a todos los clubes y federaciones deportivas de la provincia a presentar las solicitudes correspondientes y contribuir a que esta iniciativa contin\u00fae llegando al mayor n\u00famero posible de familias y deportistas.<\/p>\n<p>Para m\u00e1s informaci\u00f3n, pueden ponerse en contacto a trav\u00e9s de:<\/p>\n<p>Correo electr\u00f3nico:  ayudas.fundacion@fiflp.com<br \/>\nTel\u00e9fono:  928443584<\/p>\n","protected":false},"excerpt":{"rendered":"<p>La iniciativa busca facilitar el acceso al deporte federado y garantizar que ning\u00fan ni\u00f1o o ni\u00f1a deje de practicar su modalidad deportiva por motivos econ\u00f3micos. &#8211; Federaci\u00f3n de F\u00fatbol de&hellip;<\/p>\n","protected":false},"author":1,"featured_media":1910,"comment_status":"open","ping_status":"open","sticky":false,"template":"","format":"standard","meta":{"wpai_generated_summary":"","wpai_meta_description":"","footnotes":""},"categories":[122],"tags":[],"class_list":["post-1909","post","type-post","status-publish","format-standard","has-post-thumbnail","hentry","category-deportes"],"_links":{"self":[{"href":"https:\/\/nublo.tv\/index.php\/wp-json\/wp\/v2\/posts\/1909","targetHints":{"allow":["GET"]}}],"collection":[{"href":"https:\/\/nublo.tv\/index.php\/wp-json\/wp\/v2\/posts"}],"about":[{"href":"https:\/\/nublo.tv\/index.php\/wp-json\/wp\/v2\/types\/post"}],"author":[{"embeddable":true,"href":"https:\/\/nublo.tv\/index.php\/wp-json\/wp\/v2\/users\/1"}],"replies":[{"embeddable":true,"href":"https:\/\/nublo.tv\/index.php\/wp-json\/wp\/v2\/comments?post=1909"}],"version-history":[{"count":1,"href":"https:\/\/nublo.tv\/index.php\/wp-json\/wp\/v2\/posts\/1909\/revisions"}],"predecessor-version":[{"id":1917,"href":"https:\/\/nublo.tv\/index.php\/wp-json\/wp\/v2\/posts\/1909\/revisions\/1917"}],"wp:featuredmedia":[{"embeddable":true,"href":"https:\/\/nublo.tv\/index.php\/wp-json\/wp\/v2\/media\/1910"}],"wp:attachment":[{"href":"https:\/\/nublo.tv\/index.php\/wp-json\/wp\/v2\/media?parent=1909"}],"wp:term":[{"taxonomy":"category","embeddable":true,"href":"https:\/\/nublo.tv\/index.php\/wp-json\/wp\/v2\/categories?post=1909"},{"taxonomy":"post_tag","embeddable":true,"href":"https:\/\/nublo.tv\/index.php\/wp-json\/wp\/v2\/tags?post=1909"}],"curies":[{"name":"wp","href":"https:\/\/api.w.org\/{rel}","templated":true}]}}