{"id":19090,"date":"2026-09-02T17:03:53","date_gmt":"2026-09-02T16:03:53","guid":{"rendered":"https:\/\/nublo.tv\/?p=19090"},"modified":"2026-09-02T17:03:53","modified_gmt":"2026-09-02T16:03:53","slug":"el-alcalde-de-teror-invita-a-instituciones-a-la-fiesta-del-pino-2026","status":"publish","type":"post","link":"https:\/\/nublo.tv\/index.php\/2026\/09\/02\/el-alcalde-de-teror-invita-a-instituciones-a-la-fiesta-del-pino-2026\/","title":{"rendered":"El alcalde de Teror invita a instituciones a la Fiesta del Pino 2026"},"content":{"rendered":"<p><strong>El alcalde de Teror, Jos\u00e9 Agust\u00edn Arencibia, junto al primer teniente de alcalde, Sergio Nuez, invit\u00f3 el 2 de septiembre a varias instituciones a la Fiesta del Pino 2026, especialmente al acto principal del 8 de septiembre.<\/strong><\/p>\n<p>Visitaron el Ayuntamiento de Las Palmas de Gran Canaria, donde se reunieron con la alcaldesa, Carolina Darias; el Mando de Canarias, recibido por el coronel Santiago Calleja, jefe del Regimiento de Artiller\u00eda RAAA94; la Delegaci\u00f3n de Gobierno, atendidos por el delegado Anselmo Pestana y la subdelegada Mar\u00eda Teresa Mayans; y el Obispado de la Di\u00f3cesis de Canarias, con la presencia del obispo auxiliar Crist\u00f3bal D\u00e9niz.<\/p>\n<p><a href=\"https:\/\/teror.es\/wp-content\/uploads\/2026\/09\/2S_invitacion_aytoLPGC1.jpeg\"><img loading=\"lazy\" decoding=\"async\" class=\"alignright size-vp_sm wp-image-99571\" src=\"https:\/\/teror.es\/wp-content\/uploads\/2026\/09\/2S_invitacion_aytoLPGC1-500x340.jpeg\" alt=\"\" width=\"500\" height=\"340\" \/><\/a> <a href=\"https:\/\/teror.es\/wp-content\/uploads\/2026\/09\/2S_invitacion_Delegacion2.jpeg\"><img loading=\"lazy\" decoding=\"async\" class=\"alignright size-vp_sm wp-image-99572\" src=\"https:\/\/teror.es\/wp-content\/uploads\/2026\/09\/2S_invitacion_Delegacion2-500x323.jpeg\" alt=\"\" width=\"500\" height=\"323\" \/><\/a> <a href=\"https:\/\/teror.es\/wp-content\/uploads\/2026\/09\/2S_invitacion_regimiento1.jpeg\"><img loading=\"lazy\" decoding=\"async\" class=\"alignright size-vp_sm wp-image-99574\" src=\"https:\/\/teror.es\/wp-content\/uploads\/2026\/09\/2S_invitacion_regimiento1-500x339.jpeg\" alt=\"\" width=\"500\" height=\"339\" \/><\/a> <a href=\"https:\/\/teror.es\/wp-content\/uploads\/2026\/09\/2S_invitacion_Obispado1.jpeg\"><img loading=\"lazy\" decoding=\"async\" class=\"alignright size-vp_sm wp-image-99575\" src=\"https:\/\/teror.es\/wp-content\/uploads\/2026\/09\/2S_invitacion_Obispado1-500x333.jpeg\" alt=\"\" width=\"500\" height=\"333\" \/><\/a><\/p>\n<p>El pasado 31 de agosto ya se hab\u00eda formalizado la invitaci\u00f3n al presidente del Gobierno de Canarias, Fernando Clavijo, quien asumir\u00e1 la representaci\u00f3n real el D\u00eda del Pino.<\/p>\n<p>Como es tradici\u00f3n, el alcalde entrega personalmente a los representantes institucionales el programa de actos y les invita a acompa\u00f1ar a la comitiva municipal en los actos principales: la Romer\u00eda Ofrenda el 7 de septiembre y el acto oficial del D\u00eda del Pino el 8 de septiembre.<\/p>\n","protected":false},"excerpt":{"rendered":"<p>El alcalde de Teror, Jos\u00e9 Agust\u00edn Arencibia, junto al primer teniente de alcalde, Sergio Nuez, realizaron la tradicional visita institucional este mi\u00e9rcoles al Ayuntamiento de LPGC, Mando de Canarias, Delegaci\u00f3n&hellip;<\/p>\n","protected":false},"author":1,"featured_media":19149,"comment_status":"open","ping_status":"open","sticky":false,"template":"","format":"standard","meta":{"wpai_generated_summary":"","wpai_meta_description":"","footnotes":""},"categories":[141],"tags":[],"class_list":["post-19090","post","type-post","status-publish","format-standard","has-post-thumbnail","hentry","category-ayuntamiento-de-teror"],"_links":{"self":[{"href":"https:\/\/nublo.tv\/index.php\/wp-json\/wp\/v2\/posts\/19090","targetHints":{"allow":["GET"]}}],"collection":[{"href":"https:\/\/nublo.tv\/index.php\/wp-json\/wp\/v2\/posts"}],"about":[{"href":"https:\/\/nublo.tv\/index.php\/wp-json\/wp\/v2\/types\/post"}],"author":[{"embeddable":true,"href":"https:\/\/nublo.tv\/index.php\/wp-json\/wp\/v2\/users\/1"}],"replies":[{"embeddable":true,"href":"https:\/\/nublo.tv\/index.php\/wp-json\/wp\/v2\/comments?post=19090"}],"version-history":[{"count":4,"href":"https:\/\/nublo.tv\/index.php\/wp-json\/wp\/v2\/posts\/19090\/revisions"}],"predecessor-version":[{"id":19148,"href":"https:\/\/nublo.tv\/index.php\/wp-json\/wp\/v2\/posts\/19090\/revisions\/19148"}],"wp:featuredmedia":[{"embeddable":true,"href":"https:\/\/nublo.tv\/index.php\/wp-json\/wp\/v2\/media\/19149"}],"wp:attachment":[{"href":"https:\/\/nublo.tv\/index.php\/wp-json\/wp\/v2\/media?parent=19090"}],"wp:term":[{"taxonomy":"category","embeddable":true,"href":"https:\/\/nublo.tv\/index.php\/wp-json\/wp\/v2\/categories?post=19090"},{"taxonomy":"post_tag","embeddable":true,"href":"https:\/\/nublo.tv\/index.php\/wp-json\/wp\/v2\/tags?post=19090"}],"curies":[{"name":"wp","href":"https:\/\/api.w.org\/{rel}","templated":true}]}}