{"id":1911,"date":"2026-08-06T14:47:07","date_gmt":"2026-08-06T13:47:07","guid":{"rendered":"https:\/\/nublo.tv\/?p=1911"},"modified":"2026-08-06T14:47:07","modified_gmt":"2026-08-06T13:47:07","slug":"la-regional-preferente-ya-tiene-hoja-de-ruta-tras-el-sorteo-de-su-calendario-oficial","status":"publish","type":"post","link":"https:\/\/nublo.tv\/index.php\/2026\/08\/06\/la-regional-preferente-ya-tiene-hoja-de-ruta-tras-el-sorteo-de-su-calendario-oficial\/","title":{"rendered":"La Regional Preferente ya tiene hoja de ruta tras el sorteo de su calendario oficial"},"content":{"rendered":"<div><img decoding=\"async\" src=\"https:\/\/www.fiflp.com\/pnfg\/pimg\/GestorContenidos\/00100_0001077172_1_2026_08_03_12.12.03.jpg\" style=\"width: 100%\" \/><\/p>\n<div>La Direcci\u00f3n de Competiciones celebr\u00f3 este mediod\u00eda una reuni\u00f3n telem\u00e1tica con los clubes para definir los detalles de la pr\u00f3xima temporada que comenzar\u00e1 el fin de semana del 30 de agosto &#8211; Federaci\u00f3n de F\u00fatbol de Las Palmas<\/div>\n<\/div>\n<p>La categor\u00eda Regional Preferente ha dado hoy su pistoletazo de salida oficial a la temporada deportiva tras la celebraci\u00f3n del sorteo de su calendario. Este mediod\u00eda, la Direcci\u00f3n de Competiciones de la Federaci\u00f3n Interinsular de F\u00fatbol de Las Palmas (FIFLP) ha convocado a los clubes a una reuni\u00f3n telem\u00e1tica para abordar el desarrollo de la pr\u00f3xima competici\u00f3n y definir el emparejamiento de las jornadas.<\/p>\n<p>La sesi\u00f3n, realizada a trav\u00e9s de la plataforma Zoom, ha contado con la participaci\u00f3n activa de los representantes acreditados de las entidades participantes, subrayando la importancia de los asuntos tratados para la planificaci\u00f3n deportiva y log\u00edstica de la nueva campa\u00f1a.<\/p>\n<p>En el aspecto puramente federativo, la reuni\u00f3n ha sido dirigida por Mario Garc\u00eda de la Santa, director de Competiciones, y Javier S\u00e1nchez, del Departamento de Competiciones de la FIFLP. Ambos han expuesto los detalles organizativos y han atendido las consultas de los clubes, garantizando la transparencia y la coordinaci\u00f3n necesarias para el buen desarrollo del campeonato.<\/p>\n<p>El momento cumbre de la jornada ha sido el sorteo del calendario, un acto que define el camino de cada equipo hacia sus objetivos estacionales. Para esta ocasi\u00f3n, la Federaci\u00f3n ha contado con dos figuras de relevancia dentro de su estructura como \u00abmanos inocentes\u00bb: Reinaldo Montesdeoca, vicepresidente de la FIFLP, y Claudio Morera, presidente del Comit\u00e9 T\u00e9cnico de Entrenadores.<\/p>\n<p>El resultado del sorteo ha determinado los n\u00fameros del calendario para cada uno de los equipos participantes, configurando las diferentes jornadas y derbis que marcar\u00e1n la temporada en la Regional Preferente. A continuaci\u00f3n, se detalla la relaci\u00f3n de equipos y su n\u00famero de calendario asignado:<\/p>\n<p>UJ Costa Ayala: 1<\/p>\n<p>CF Sporting T\u00edas: 2<\/p>\n<p>CD Tah\u00edche: 3<\/p>\n<p>CD Tinajo: 4<\/p>\n<p>DESCANSA: 5<\/p>\n<p>UD Teror: 6<\/p>\n<p>FC Universitario: 7<\/p>\n<p>UD Telde: 8<\/p>\n<p>CD Uni\u00f3n Puerto: 9<\/p>\n<p>CD Herbania: 10<\/p>\n<p>CD Valkyrias Becerril: 11<\/p>\n<p>UD Atalaya: 12<\/p>\n<p>CF Uni\u00f3n Viera: 13<\/p>\n<p>CD Doramas: 14<\/p>\n<p>Sporting San Jos\u00e9: 15<\/p>\n<p>La Uni\u00f3n Vecindario: 16<\/p>\n<p>UD Balos: 17<\/p>\n<p>Atl\u00e9tico GC: 18<\/p>\n<p>Arucas CF: 19<\/p>\n<p>CD El Cotillo: 20<\/p>\n<p>Con el calendario ya sorteado, los clubes de Regional Preferente inician ahora la cuenta atr\u00e1s para el comienzo de la competici\u00f3n el fin de semana del 30 de agosto, con la hoja de ruta definida y la ilusi\u00f3n renovada ante los retos deportivos que se avecinan en la nueva temporada. <\/p>\n<p>Tras la finalizaci\u00f3n del sorteo, la Direcci\u00f3n de Competiciones ha hecho p\u00fablica la configuraci\u00f3n de la primera jornada del campeonato. El calendario deparar\u00e1 para este arranque liguero los siguientes enfrentamientos: UJ Costa Ayala &#8211; CD Tah\u00edche; La Uni\u00f3n Vecindario &#8211; FC Universitario; CD Doramas &#8211; CD Uni\u00f3n Puerto; UD Atalaya &#8211; CD Valkyrias Becerril; CD Herbania &#8211; CF Uni\u00f3n Viera; UD Telde &#8211; Sporting San Jos\u00e9; UD Teror &#8211; UD Balos; CD Tinajo &#8211; Arucas CF; y CD El Cotillo &#8211; CF Sporting T\u00edas, correspondiendo el turno de descanso en esta fecha inaugural al Atl\u00e9tico GC. Desde la Federaci\u00f3n se ha informado que a lo largo de esta misma semana se proceder\u00e1 a la publicaci\u00f3n definitiva del calendario completo, incluyendo las fechas y horarios oficiales para cada uno de los encuentros de la temporada.<\/p>\n","protected":false},"excerpt":{"rendered":"<p>La Direcci\u00f3n de Competiciones celebr\u00f3 este mediod\u00eda una reuni\u00f3n telem\u00e1tica con los clubes para definir los detalles de la pr\u00f3xima temporada que comenzar\u00e1 el fin de semana del 30 de&hellip;<\/p>\n","protected":false},"author":1,"featured_media":1912,"comment_status":"open","ping_status":"open","sticky":false,"template":"","format":"standard","meta":{"wpai_generated_summary":"","wpai_meta_description":"","footnotes":""},"categories":[122],"tags":[],"class_list":["post-1911","post","type-post","status-publish","format-standard","has-post-thumbnail","hentry","category-deportes"],"_links":{"self":[{"href":"https:\/\/nublo.tv\/index.php\/wp-json\/wp\/v2\/posts\/1911","targetHints":{"allow":["GET"]}}],"collection":[{"href":"https:\/\/nublo.tv\/index.php\/wp-json\/wp\/v2\/posts"}],"about":[{"href":"https:\/\/nublo.tv\/index.php\/wp-json\/wp\/v2\/types\/post"}],"author":[{"embeddable":true,"href":"https:\/\/nublo.tv\/index.php\/wp-json\/wp\/v2\/users\/1"}],"replies":[{"embeddable":true,"href":"https:\/\/nublo.tv\/index.php\/wp-json\/wp\/v2\/comments?post=1911"}],"version-history":[{"count":1,"href":"https:\/\/nublo.tv\/index.php\/wp-json\/wp\/v2\/posts\/1911\/revisions"}],"predecessor-version":[{"id":1918,"href":"https:\/\/nublo.tv\/index.php\/wp-json\/wp\/v2\/posts\/1911\/revisions\/1918"}],"wp:featuredmedia":[{"embeddable":true,"href":"https:\/\/nublo.tv\/index.php\/wp-json\/wp\/v2\/media\/1912"}],"wp:attachment":[{"href":"https:\/\/nublo.tv\/index.php\/wp-json\/wp\/v2\/media?parent=1911"}],"wp:term":[{"taxonomy":"category","embeddable":true,"href":"https:\/\/nublo.tv\/index.php\/wp-json\/wp\/v2\/categories?post=1911"},{"taxonomy":"post_tag","embeddable":true,"href":"https:\/\/nublo.tv\/index.php\/wp-json\/wp\/v2\/tags?post=1911"}],"curies":[{"name":"wp","href":"https:\/\/api.w.org\/{rel}","templated":true}]}}