{"id":19113,"date":"2026-09-03T21:30:23","date_gmt":"2026-09-03T20:30:23","guid":{"rendered":"https:\/\/nublo.tv\/?p=19113"},"modified":"2026-09-03T13:44:41","modified_gmt":"2026-09-03T12:44:41","slug":"la-retreta-y-rosario-8-pondran-este-sabado-el-broche-a-la-ultima-gran-noche-de-las-fiestas-de-barrial","status":"publish","type":"post","link":"https:\/\/nublo.tv\/index.php\/2026\/09\/03\/la-retreta-y-rosario-8-pondran-este-sabado-el-broche-a-la-ultima-gran-noche-de-las-fiestas-de-barrial\/","title":{"rendered":"La retreta y Rosario 8 pondr\u00e1n este s\u00e1bado el broche a la \u00faltima gran noche de las fiestas de Barrial"},"content":{"rendered":"<p><em>Las charangas Vitamina Band y Guiniguada acompa\u00f1ar\u00e1n la tradicional retreta, que dar\u00e1 paso al concierto de Rosario 8 en la Plaza Jos\u00e9 Rodr\u00edguez Quintana<\/em><\/p>\n<p>Las fiestas en honor a Nuestra Se\u00f1ora de los Desamparados de Barrial afrontan este s\u00e1bado, 5 de septiembre, su \u00faltima gran noche con una programaci\u00f3n que volver\u00e1 a combinar tradici\u00f3n, m\u00fasica y participaci\u00f3n vecinal. La jornada tendr\u00e1 como protagonistas la tradicional retreta y el concierto de Rosario 8, dos citas que concentrar\u00e1n buena parte del ambiente festivo del barrio.<\/p>\n<p>A las 20:30 horas, desde el frontis del Estadio de Barrial, partir\u00e1 la tradicional retreta, acompa\u00f1ada en esta ocasi\u00f3n por las charangas Vitamina Band y Guiniguada. La m\u00fasica y la animaci\u00f3n recorrer\u00e1n las calles del barrio en una de las actividades m\u00e1s participativas de las fiestas, invitando a vecinos y visitantes a sumarse al recorrido y disfrutar del ambiente.<\/p>\n<p>Una vez finalizada la retreta, la celebraci\u00f3n continuar\u00e1 en la Plaza Jos\u00e9 Rodr\u00edguez Quintana, donde a partir de las 23:00 horas tendr\u00e1 lugar el concierto de Rosario 8, que pondr\u00e1 m\u00fasica a una noche concebida para disfrutar y compartir hasta bien entrada la noche.<\/p>\n<p>El presidente de la Asociaci\u00f3n de Vecinos Amagro, Pepe Garc\u00eda, anima a participar en esta \u00faltima gran jornada: <em>\u201cQueremos que sea una noche para disfrutar juntos, con nuestras tradiciones y con buena m\u00fasica\u201d<\/em>.<\/p>\n<p>Aunque el s\u00e1bado ser\u00e1 la \u00faltima gran noche de las fiestas, la actividad continuar\u00e1 durante el domingo 6 de septiembre con una nueva edici\u00f3n del Mercadillo de Barrial, que contar\u00e1 adem\u00e1s con una exposici\u00f3n de coches cl\u00e1sicos.<\/p>\n<p>El mercadillo permitir\u00e1 prolongar el ambiente de las fiestas con una propuesta que combina comercio, encuentro vecinal y ocio, mientras que la exposici\u00f3n reunir\u00e1 veh\u00edculos cl\u00e1sicos como atractivo a\u00f1adido para vecinos y visitantes.<\/p>\n<p><em>\u201cLas fiestas llegan a su \u00faltima gran noche, pero Barrial seguir\u00e1 teniendo actividad el domingo con el mercadillo y los coches cl\u00e1sicos\u201d,<\/em> se\u00f1ala Garc\u00eda.<\/p>\n<p>Con esta programaci\u00f3n, las fiestas en honor a Nuestra Se\u00f1ora de los Desamparados encaran su recta final despu\u00e9s de varias semanas de actividades, encuentros, m\u00fasica y tradiciones, manteniendo el car\u00e1cter participativo y vecinal que define estas celebraciones.<\/p>\n<p>&nbsp;<\/p>\n","protected":false},"excerpt":{"rendered":"<p>Las charangas Vitamina Band y Guiniguada acompa\u00f1ar\u00e1n la tradicional retreta, que dar\u00e1 paso al concierto de Rosario 8 en la Plaza Jos\u00e9 Rodr\u00edguez Quintana Las fiestas en honor a Nuestra Se\u00f1ora de los Desamparados de Barrial afrontan este s\u00e1bado, 5 de septiembre, su \u00faltima gran noche con una programaci\u00f3n que volver\u00e1 a combinar tradici\u00f3n, m\u00fasica [&hellip;]<\/p>\n","protected":false},"author":50,"featured_media":19374,"comment_status":"open","ping_status":"open","sticky":false,"template":"","format":"standard","meta":{"wpai_generated_summary":"","wpai_meta_description":"","footnotes":""},"categories":[1],"tags":[],"class_list":["post-19113","post","type-post","status-publish","format-standard","has-post-thumbnail","hentry","category-opinion"],"_links":{"self":[{"href":"https:\/\/nublo.tv\/index.php\/wp-json\/wp\/v2\/posts\/19113","targetHints":{"allow":["GET"]}}],"collection":[{"href":"https:\/\/nublo.tv\/index.php\/wp-json\/wp\/v2\/posts"}],"about":[{"href":"https:\/\/nublo.tv\/index.php\/wp-json\/wp\/v2\/types\/post"}],"author":[{"embeddable":true,"href":"https:\/\/nublo.tv\/index.php\/wp-json\/wp\/v2\/users\/50"}],"replies":[{"embeddable":true,"href":"https:\/\/nublo.tv\/index.php\/wp-json\/wp\/v2\/comments?post=19113"}],"version-history":[{"count":1,"href":"https:\/\/nublo.tv\/index.php\/wp-json\/wp\/v2\/posts\/19113\/revisions"}],"predecessor-version":[{"id":19115,"href":"https:\/\/nublo.tv\/index.php\/wp-json\/wp\/v2\/posts\/19113\/revisions\/19115"}],"wp:featuredmedia":[{"embeddable":true,"href":"https:\/\/nublo.tv\/index.php\/wp-json\/wp\/v2\/media\/19374"}],"wp:attachment":[{"href":"https:\/\/nublo.tv\/index.php\/wp-json\/wp\/v2\/media?parent=19113"}],"wp:term":[{"taxonomy":"category","embeddable":true,"href":"https:\/\/nublo.tv\/index.php\/wp-json\/wp\/v2\/categories?post=19113"},{"taxonomy":"post_tag","embeddable":true,"href":"https:\/\/nublo.tv\/index.php\/wp-json\/wp\/v2\/tags?post=19113"}],"curies":[{"name":"wp","href":"https:\/\/api.w.org\/{rel}","templated":true}]}}