{"id":1913,"date":"2026-08-06T14:46:50","date_gmt":"2026-08-06T13:46:50","guid":{"rendered":"https:\/\/nublo.tv\/?p=1913"},"modified":"2026-08-27T12:35:26","modified_gmt":"2026-08-27T11:35:26","slug":"abierto-el-plazo-para-solicitar-los-camiones-para-la-carrera-de-cintas-y-la-batalla-de-flores-de-las-fiestas-patronales-de-la-virgen-2026","status":"publish","type":"post","link":"https:\/\/nublo.tv\/index.php\/2026\/08\/06\/abierto-el-plazo-para-solicitar-los-camiones-para-la-carrera-de-cintas-y-la-batalla-de-flores-de-las-fiestas-patronales-de-la-virgen-2026\/","title":{"rendered":"Abierto el plazo para solicitar los camiones para la Carrera de Cintas y la Batalla de Flores de las fiestas patronales de La Virgen 2026"},"content":{"rendered":"<ul>\n<li><strong> La inscripci\u00f3n se realiza por Registro de Entrada en la Oficina Municipal de Atenci\u00f3n Ciudadana, frente al Cuartel de la Guardia Civil<\/strong><\/li>\n<\/ul>\n<p><strong>\u00a0<\/strong><strong>Gu\u00eda, 6 de agosto de 2026.-<\/strong> Ya se encuentra abierto el plazo de solicitud de camiones para todos aquellos colectivos o grupos de personas que deseen participar en la Carrera de Cintas y la Batalla de Flores que se celebrar\u00e1n durante la tarde del d\u00eda principal de las fiestas patronales de La Virgen 2026, el pr\u00f3ximo 15 de agosto.<\/p>\n<p>La inscripci\u00f3n, hasta agotar el n\u00famero de veh\u00edculos disponibles, se realiza por Registro de Entrada en la Oficina Municipal de Atenci\u00f3n al Ciudadano, frente al Cuartel de la Guardia Civil, en horario de 9:00 a 13:00 horas.<\/p>\n<p>&nbsp;<\/p>\n","protected":false},"excerpt":{"rendered":"<p>La inscripci\u00f3n se realiza por Registro de Entrada en la Oficina Municipal de Atenci\u00f3n Ciudadana, frente al Cuartel de la Guardia Civil \u00a0Gu\u00eda, 6 de agosto de 2026.- Ya se&hellip;<\/p>\n","protected":false},"author":1,"featured_media":1914,"comment_status":"open","ping_status":"open","sticky":false,"template":"","format":"standard","meta":{"wpai_generated_summary":"","wpai_meta_description":"","footnotes":""},"categories":[138],"tags":[],"class_list":["post-1913","post","type-post","status-publish","format-standard","has-post-thumbnail","hentry","category-ayuntamiento-de-santa-maria-de-guia"],"_links":{"self":[{"href":"https:\/\/nublo.tv\/index.php\/wp-json\/wp\/v2\/posts\/1913","targetHints":{"allow":["GET"]}}],"collection":[{"href":"https:\/\/nublo.tv\/index.php\/wp-json\/wp\/v2\/posts"}],"about":[{"href":"https:\/\/nublo.tv\/index.php\/wp-json\/wp\/v2\/types\/post"}],"author":[{"embeddable":true,"href":"https:\/\/nublo.tv\/index.php\/wp-json\/wp\/v2\/users\/1"}],"replies":[{"embeddable":true,"href":"https:\/\/nublo.tv\/index.php\/wp-json\/wp\/v2\/comments?post=1913"}],"version-history":[{"count":1,"href":"https:\/\/nublo.tv\/index.php\/wp-json\/wp\/v2\/posts\/1913\/revisions"}],"predecessor-version":[{"id":1916,"href":"https:\/\/nublo.tv\/index.php\/wp-json\/wp\/v2\/posts\/1913\/revisions\/1916"}],"wp:featuredmedia":[{"embeddable":true,"href":"https:\/\/nublo.tv\/index.php\/wp-json\/wp\/v2\/media\/1914"}],"wp:attachment":[{"href":"https:\/\/nublo.tv\/index.php\/wp-json\/wp\/v2\/media?parent=1913"}],"wp:term":[{"taxonomy":"category","embeddable":true,"href":"https:\/\/nublo.tv\/index.php\/wp-json\/wp\/v2\/categories?post=1913"},{"taxonomy":"post_tag","embeddable":true,"href":"https:\/\/nublo.tv\/index.php\/wp-json\/wp\/v2\/tags?post=1913"}],"curies":[{"name":"wp","href":"https:\/\/api.w.org\/{rel}","templated":true}]}}