{"id":19166,"date":"2026-09-02T18:50:09","date_gmt":"2026-09-02T17:50:09","guid":{"rendered":"https:\/\/nublo.tv\/?p=19166"},"modified":"2026-09-02T18:50:09","modified_gmt":"2026-09-02T17:50:09","slug":"el-gobierno-de-canarias-finaliza-la-situacion-de-prealerta-por-fenomenos-costeros","status":"publish","type":"post","link":"https:\/\/nublo.tv\/index.php\/2026\/09\/02\/el-gobierno-de-canarias-finaliza-la-situacion-de-prealerta-por-fenomenos-costeros\/","title":{"rendered":"El Gobierno de Canarias finaliza la situaci\u00f3n de prealerta por fen\u00f3menos costeros"},"content":{"rendered":"<p><strong>El Gobierno de Canarias, a trav\u00e9s de la Direcci\u00f3n General de Emergencias, ha dado por finalizada la situaci\u00f3n de prealerta por fen\u00f3menos costeros a partir de las 19:00 horas de este mi\u00e9rcoles, 2 de septiembre.<\/strong><\/p>\n<p>La decisi\u00f3n se ha tomado al remitir las condiciones en el estado de la mar que hab\u00edan justificado la declaraci\u00f3n de la prealerta, teniendo en cuenta la informaci\u00f3n facilitada por la Agencia Estatal de Meteorolog\u00eda (Aemet) y otras fuentes disponibles, y en aplicaci\u00f3n del Plan Espec\u00edfico de Emergencias de Canarias por Riesgos de Fen\u00f3menos Meteorol\u00f3gicos Adversos (PEFMA).<\/p>\n<p>El \u00e1mbito territorial de la medida comprende las costas de los canales mar\u00edtimos entre La Gomera y Tenerife, entre Tenerife y Gran Canaria, as\u00ed como el litoral sureste de la isla de Gran Canaria.<\/p>\n<p><a href=\"https:\/\/www3.gobiernodecanarias.org\/noticias\/wp-content\/uploads\/2026\/09\/Finalizacion-51-2026-PEFMA-PA-Costeros-LG-TF-GC.pdf\">Finalizaci\u00f3n 51 2026 PEFMA PA Costeros LG TF GC<\/a><\/p>\n","protected":false},"excerpt":{"rendered":"<p>El Gobierno de Canarias, a trav\u00e9s de la Direcci\u00f3n General de Emergencias, finaliza la situaci\u00f3n de prealerta por fen\u00f3menos costeros a partir de las 19:00 horas de hoy, mi\u00e9rcoles 2&hellip;<\/p>\n","protected":false},"author":1,"featured_media":19171,"comment_status":"open","ping_status":"open","sticky":false,"template":"","format":"standard","meta":{"wpai_generated_summary":"","wpai_meta_description":"","footnotes":""},"categories":[121],"tags":[],"class_list":["post-19166","post","type-post","status-publish","format-standard","has-post-thumbnail","hentry","category-noticias"],"_links":{"self":[{"href":"https:\/\/nublo.tv\/index.php\/wp-json\/wp\/v2\/posts\/19166","targetHints":{"allow":["GET"]}}],"collection":[{"href":"https:\/\/nublo.tv\/index.php\/wp-json\/wp\/v2\/posts"}],"about":[{"href":"https:\/\/nublo.tv\/index.php\/wp-json\/wp\/v2\/types\/post"}],"author":[{"embeddable":true,"href":"https:\/\/nublo.tv\/index.php\/wp-json\/wp\/v2\/users\/1"}],"replies":[{"embeddable":true,"href":"https:\/\/nublo.tv\/index.php\/wp-json\/wp\/v2\/comments?post=19166"}],"version-history":[{"count":2,"href":"https:\/\/nublo.tv\/index.php\/wp-json\/wp\/v2\/posts\/19166\/revisions"}],"predecessor-version":[{"id":19170,"href":"https:\/\/nublo.tv\/index.php\/wp-json\/wp\/v2\/posts\/19166\/revisions\/19170"}],"wp:featuredmedia":[{"embeddable":true,"href":"https:\/\/nublo.tv\/index.php\/wp-json\/wp\/v2\/media\/19171"}],"wp:attachment":[{"href":"https:\/\/nublo.tv\/index.php\/wp-json\/wp\/v2\/media?parent=19166"}],"wp:term":[{"taxonomy":"category","embeddable":true,"href":"https:\/\/nublo.tv\/index.php\/wp-json\/wp\/v2\/categories?post=19166"},{"taxonomy":"post_tag","embeddable":true,"href":"https:\/\/nublo.tv\/index.php\/wp-json\/wp\/v2\/tags?post=19166"}],"curies":[{"name":"wp","href":"https:\/\/api.w.org\/{rel}","templated":true}]}}