{"id":19176,"date":"2026-09-02T19:48:21","date_gmt":"2026-09-02T18:48:21","guid":{"rendered":"https:\/\/nublo.tv\/?p=19176"},"modified":"2026-09-02T19:48:21","modified_gmt":"2026-09-02T18:48:21","slug":"turismo-de-gran-canaria-promueve-el-destino-en-el-san-hejmo-festival-de-alemania","status":"publish","type":"post","link":"https:\/\/nublo.tv\/index.php\/2026\/09\/02\/turismo-de-gran-canaria-promueve-el-destino-en-el-san-hejmo-festival-de-alemania\/","title":{"rendered":"Turismo de Gran Canaria promueve el destino en el San Hejmo Festival de Alemania"},"content":{"rendered":"<p><strong>Turismo de Gran Canaria particip\u00f3 en el San Hejmo Festival, celebrado los d\u00edas 14 y 15 de agosto en Weeze (Alemania), para acercar el destino al p\u00fablico joven alem\u00e1n mediante contenidos audiovisuales.<\/strong><\/p>\n<p><a class=\"lightbox\" href=\"\/\/www.grancanaria.com\/turismo\/uploads\/pics\/hejmo010926__1_.jpg\" target=\"_self\" rel=\"lightbox[1]\"><img loading=\"lazy\" decoding=\"async\" src=\"\/\/www.grancanaria.com\/turismo\/uploads\/pics\/hejmo010926__1_.jpg\" alt=\"\" width=\"1536\" height=\"1024\" \/><\/a><a class=\"lightbox\" href=\"\/\/www.grancanaria.com\/turismo\/uploads\/pics\/hejmo010926__2_.jpg\" target=\"_self\" rel=\"lightbox[1]\"><img loading=\"lazy\" decoding=\"async\" src=\"\/\/www.grancanaria.com\/turismo\/uploads\/pics\/hejmo010926__2_.jpg\" alt=\"\" width=\"394\" height=\"256\" \/><\/a><a class=\"lightbox\" href=\"\/\/www.grancanaria.com\/turismo\/uploads\/pics\/hejmo010926__3_.jpg\" target=\"_self\" rel=\"lightbox[1]\"><img loading=\"lazy\" decoding=\"async\" src=\"\/\/www.grancanaria.com\/turismo\/uploads\/pics\/hejmo010926__3_.jpg\" alt=\"\" width=\"470\" height=\"263\" \/><\/a><a class=\"lightbox\" href=\"\/\/www.grancanaria.com\/turismo\/uploads\/pics\/hejmo010926__4_.jpg\" target=\"_self\" rel=\"lightbox[1]\"><img loading=\"lazy\" decoding=\"async\" src=\"\/\/www.grancanaria.com\/turismo\/uploads\/pics\/hejmo010926__4_.jpg\" alt=\"\" width=\"394\" height=\"253\" \/><\/a><a class=\"lightbox\" href=\"\/\/www.grancanaria.com\/turismo\/uploads\/pics\/hejmo010926__5_.jpg\" target=\"_self\" rel=\"lightbox[1]\"><img loading=\"lazy\" decoding=\"async\" src=\"\/\/www.grancanaria.com\/turismo\/uploads\/pics\/hejmo010926__5_.jpg\" alt=\"\" width=\"397\" height=\"255\" \/><\/a><a class=\"lightbox\" href=\"\/\/www.grancanaria.com\/turismo\/uploads\/pics\/hejmo010926__6_.jpg\" target=\"_self\" rel=\"lightbox[1]\"><img loading=\"lazy\" decoding=\"async\" src=\"\/\/www.grancanaria.com\/turismo\/uploads\/pics\/hejmo010926__6_.jpg\" alt=\"\" width=\"1066\" height=\"1600\" \/><\/a><a class=\"lightbox\" href=\"\/\/www.grancanaria.com\/turismo\/uploads\/pics\/hejmo010926__7_.jpg\" target=\"_self\" rel=\"lightbox[1]\"><img loading=\"lazy\" decoding=\"async\" src=\"\/\/www.grancanaria.com\/turismo\/uploads\/pics\/hejmo010926__7_.jpg\" alt=\"\" width=\"470\" height=\"265\" \/><\/a><a class=\"lightbox\" href=\"\/\/www.grancanaria.com\/turismo\/uploads\/pics\/hejmo010926__8_.jpg\" target=\"_self\" rel=\"lightbox[1]\"><img loading=\"lazy\" decoding=\"async\" src=\"\/\/www.grancanaria.com\/turismo\/uploads\/pics\/hejmo010926__8_.jpg\" alt=\"\" width=\"477\" height=\"263\" \/><\/a><a class=\"lightbox\" href=\"\/\/www.grancanaria.com\/turismo\/uploads\/pics\/hejmo010926__9_.jpg\" target=\"_self\" rel=\"lightbox[1]\"><img loading=\"lazy\" decoding=\"async\" src=\"\/\/www.grancanaria.com\/turismo\/uploads\/pics\/hejmo010926__9_.jpg\" alt=\"\" width=\"471\" height=\"259\" \/><\/a><\/p>\n<p>La isla estuvo presente en el evento con dos t\u00f3tems digitales donde se proyectaron v\u00eddeos de diez segundos que mostraron una imagen fresca, activa y din\u00e1mica de Gran Canaria, destacando sus posibilidades para el deporte, la naturaleza y el ocio.<\/p>\n<p>El festival, al que asistieron 79.000 personas, tuvo un p\u00fablico mayoritariamente joven: el 55 % pertenec\u00eda a la generaci\u00f3n Z y el 41 % a la generaci\u00f3n Y. Adem\u00e1s, el 98 % de los asistentes eran alemanes y el 65 % mujeres.<\/p>\n<p>La campa\u00f1a registr\u00f3 8.392 pases durante los dos d\u00edas, con una presencia efectiva de 23,32 horas de contenido dentro de las 52 horas totales de emisi\u00f3n, lo que gener\u00f3 1.896.000 impresiones, un 27 % m\u00e1s de las previstas inicialmente.<\/p>\n<p>El evento cont\u00f3 con artistas internacionales como Bebe Rexha, Jason Derulo, Marteria y SDP, ofreciendo un escenario id\u00f3neo para difundir los atractivos de Gran Canaria entre nuevas audiencias en Alemania, uno de sus principales mercados emisores.<\/p>\n<p>&nbsp;<\/p>\n<p>La activaci\u00f3n busc\u00f3 conectar con las nuevas generaciones mediante un lenguaje visual contempor\u00e1neo, presentando a Gran Canaria como un destino diverso, activo y lleno de experiencias en contacto con la naturaleza.<\/p>\n<p><img alt=\"\" \/><\/p>\n","protected":false},"excerpt":{"rendered":"<p>01 de septiembre, 2026 Turismo de Gran Canaria ha vuelto este verano a dejar su huella en uno de los grandes festivales de Alemania con su presencia en el San&hellip;<\/p>\n","protected":false},"author":1,"featured_media":19189,"comment_status":"open","ping_status":"open","sticky":false,"template":"","format":"standard","meta":{"wpai_generated_summary":"","wpai_meta_description":"","footnotes":""},"categories":[148],"tags":[],"class_list":["post-19176","post","type-post","status-publish","format-standard","has-post-thumbnail","hentry","category-cabildo-de-gran-canaria"],"_links":{"self":[{"href":"https:\/\/nublo.tv\/index.php\/wp-json\/wp\/v2\/posts\/19176","targetHints":{"allow":["GET"]}}],"collection":[{"href":"https:\/\/nublo.tv\/index.php\/wp-json\/wp\/v2\/posts"}],"about":[{"href":"https:\/\/nublo.tv\/index.php\/wp-json\/wp\/v2\/types\/post"}],"author":[{"embeddable":true,"href":"https:\/\/nublo.tv\/index.php\/wp-json\/wp\/v2\/users\/1"}],"replies":[{"embeddable":true,"href":"https:\/\/nublo.tv\/index.php\/wp-json\/wp\/v2\/comments?post=19176"}],"version-history":[{"count":2,"href":"https:\/\/nublo.tv\/index.php\/wp-json\/wp\/v2\/posts\/19176\/revisions"}],"predecessor-version":[{"id":19194,"href":"https:\/\/nublo.tv\/index.php\/wp-json\/wp\/v2\/posts\/19176\/revisions\/19194"}],"wp:featuredmedia":[{"embeddable":true,"href":"https:\/\/nublo.tv\/index.php\/wp-json\/wp\/v2\/media\/19189"}],"wp:attachment":[{"href":"https:\/\/nublo.tv\/index.php\/wp-json\/wp\/v2\/media?parent=19176"}],"wp:term":[{"taxonomy":"category","embeddable":true,"href":"https:\/\/nublo.tv\/index.php\/wp-json\/wp\/v2\/categories?post=19176"},{"taxonomy":"post_tag","embeddable":true,"href":"https:\/\/nublo.tv\/index.php\/wp-json\/wp\/v2\/tags?post=19176"}],"curies":[{"name":"wp","href":"https:\/\/api.w.org\/{rel}","templated":true}]}}