{"id":19178,"date":"2026-09-02T19:48:14","date_gmt":"2026-09-02T18:48:14","guid":{"rendered":"https:\/\/nublo.tv\/?p=19178"},"modified":"2026-09-02T19:48:14","modified_gmt":"2026-09-02T18:48:14","slug":"miguel-rodriguez-y-roque-calero-galardonados-con-el-premio-internacional-armando-reveron-2026","status":"publish","type":"post","link":"https:\/\/nublo.tv\/index.php\/2026\/09\/02\/miguel-rodriguez-y-roque-calero-galardonados-con-el-premio-internacional-armando-reveron-2026\/","title":{"rendered":"Miguel Rodr\u00edguez y Roque Calero, galardonados con el Premio Internacional Armando Rever\u00f3n 2026"},"content":{"rendered":"<p><strong>El creador del Bel\u00e9n de Arena de Las Canteras, Miguel Rodr\u00edguez, y el catedr\u00e1tico Roque Calero recibir\u00e1n sendas menciones en la tercera edici\u00f3n del Premio Internacional Armando Rever\u00f3n, que se celebrar\u00e1 el 17 de septiembre en Toledo.<\/strong><\/p>\n<p>Miguel Rodr\u00edguez obtendr\u00e1 la Menci\u00f3n Gerencia Cultural, mientras que Roque Calero ser\u00e1 distinguido con la Menci\u00f3n Personaje Iberoamericano. Ambos forman parte de los seis galardonados principales de esta edici\u00f3n, propuestos por la Asociaci\u00f3n Art\u00edstica y Cultural Internacional Ven al Arte, de Gran Canaria, en colaboraci\u00f3n con la Asociaci\u00f3n de Arte Valija Iberoamericana, promotora del premio.<\/p>\n<p><a class=\"lightbox\" href=\"\/\/www.grancanaria.com\/turismo\/uploads\/pics\/belen010926__1_.jpg\" target=\"_self\" rel=\"lightbox[1]\"><img loading=\"lazy\" decoding=\"async\" src=\"\/\/www.grancanaria.com\/turismo\/uploads\/pics\/belen010926__1_.jpg\" alt=\"\" width=\"1920\" height=\"1280\" \/><\/a><a class=\"lightbox\" href=\"\/\/www.grancanaria.com\/turismo\/uploads\/pics\/belen010926__2_.jpg\" target=\"_self\" rel=\"lightbox[1]\"><img loading=\"lazy\" decoding=\"async\" src=\"\/\/www.grancanaria.com\/turismo\/uploads\/pics\/belen010926__2_.jpg\" alt=\"\" width=\"432\" height=\"595\" \/><\/a><a class=\"lightbox\" href=\"\/\/www.grancanaria.com\/turismo\/uploads\/pics\/belen010926__3_.jpg\" target=\"_self\" rel=\"lightbox[1]\"><img loading=\"lazy\" decoding=\"async\" src=\"\/\/www.grancanaria.com\/turismo\/uploads\/pics\/belen010926__3_.jpg\" alt=\"\" width=\"1948\" height=\"3104\" \/><\/a><a class=\"lightbox\" href=\"\/\/www.grancanaria.com\/turismo\/uploads\/pics\/belen010926__4_.jpg\" target=\"_self\" rel=\"lightbox[1]\"><img loading=\"lazy\" decoding=\"async\" src=\"\/\/www.grancanaria.com\/turismo\/uploads\/pics\/belen010926__4_.jpg\" alt=\"\" width=\"1208\" height=\"1508\" \/><\/a><\/p>\n<p>El reconocimiento a Rodr\u00edguez destaca su trayectoria al frente del Bel\u00e9n de Arena de Las Canteras, iniciativa que fund\u00f3 y dirige art\u00edsticamente desde hace veinte ediciones. Este evento, que combina arte ef\u00edmero, paisaje y compromiso social, se ha convertido en un referente navide\u00f1o en Las Palmas de Gran Canaria, atrayendo a residentes y visitantes. La \u00faltima edici\u00f3n, entre diciembre de 2025 y enero de 2026, registr\u00f3 m\u00e1s de 125.000 visitas. Desde su creaci\u00f3n, el proyecto supera los tres millones de visitantes y destina las aportaciones voluntarias a fines solidarios.<\/p>\n<p>Roque Calero P\u00e9rez, doctor ingeniero industrial y catedr\u00e1tico de Ingenier\u00eda Mec\u00e1nica en la Universidad de Las Palmas de Gran Canaria, ser\u00e1 distinguido por su dilatada trayectoria docente e investigadora. Su trabajo abarca \u00e1mbitos como las energ\u00edas renovables, el transporte, la gesti\u00f3n de residuos, el deporte y el ocio, tanto en la Universidad como en el Instituto Tecnol\u00f3gico de Canarias, donde fue director de I+D. Adem\u00e1s, su vinculaci\u00f3n con el \u00e1mbito iberoamericano es destacada: fue el primer secretario general de la Federaci\u00f3n Iberoamericana de Ingenier\u00eda Mec\u00e1nica y recibi\u00f3 la Medalla de Plata de esta organizaci\u00f3n.<\/p>\n<p>Junto a Rodr\u00edguez y Calero, los otros galardonados en esta edici\u00f3n son Joaqu\u00edn D\u00edaz Gonz\u00e1lez, Ana Alcaide, Pere Ribera y Luis Garc\u00eda-Cid. La ceremonia tendr\u00e1 lugar en Venta de Aires (Toledo), un espacio hist\u00f3rico vinculado a la Orden de Toledo y a figuras como Federico Garc\u00eda Lorca, Salvador Dal\u00ed, Luis Bu\u00f1uel y Rafael Alberti. El acto busca establecer un di\u00e1logo simb\u00f3lico entre la figura de Armando Rever\u00f3n y la vanguardia art\u00edstica y literaria espa\u00f1ola del siglo XX.<\/p>\n<p>Los seis premiados recibir\u00e1n una pieza de cer\u00e1mica artesanal dise\u00f1ada por Marcos Salazar Ruiz, presidente de la Asociaci\u00f3n de Arte Valija Iberoamericana, y realizada por el Taller Cer\u00e1mico Alaria de Talavera de la Reina. La obra representa de forma estilizada a Rever\u00f3n con su caracter\u00edstico sombrero de copa.<img decoding=\"async\" src=\"\/fileadmin\/areaprofesional2017\/template\/images\/50aniversario\/logo-50-footer_v2.png\" alt=\"\" \/><img alt=\"\" \/><img alt=\"\" \/><\/p>\n","protected":false},"excerpt":{"rendered":"<p>01 de septiembre, 2026 El creador y director art\u00edstico del Bel\u00e9n de Arena de Las Canteras, Miguel Rodr\u00edguez, ser\u00e1 distinguido con la Menci\u00f3n Gerencia Cultural del Premio Internacional Armando Rever\u00f3n&hellip;<\/p>\n","protected":false},"author":1,"featured_media":19187,"comment_status":"open","ping_status":"open","sticky":false,"template":"","format":"standard","meta":{"wpai_generated_summary":"","wpai_meta_description":"","footnotes":""},"categories":[148],"tags":[],"class_list":["post-19178","post","type-post","status-publish","format-standard","has-post-thumbnail","hentry","category-cabildo-de-gran-canaria"],"_links":{"self":[{"href":"https:\/\/nublo.tv\/index.php\/wp-json\/wp\/v2\/posts\/19178","targetHints":{"allow":["GET"]}}],"collection":[{"href":"https:\/\/nublo.tv\/index.php\/wp-json\/wp\/v2\/posts"}],"about":[{"href":"https:\/\/nublo.tv\/index.php\/wp-json\/wp\/v2\/types\/post"}],"author":[{"embeddable":true,"href":"https:\/\/nublo.tv\/index.php\/wp-json\/wp\/v2\/users\/1"}],"replies":[{"embeddable":true,"href":"https:\/\/nublo.tv\/index.php\/wp-json\/wp\/v2\/comments?post=19178"}],"version-history":[{"count":2,"href":"https:\/\/nublo.tv\/index.php\/wp-json\/wp\/v2\/posts\/19178\/revisions"}],"predecessor-version":[{"id":19193,"href":"https:\/\/nublo.tv\/index.php\/wp-json\/wp\/v2\/posts\/19178\/revisions\/19193"}],"wp:featuredmedia":[{"embeddable":true,"href":"https:\/\/nublo.tv\/index.php\/wp-json\/wp\/v2\/media\/19187"}],"wp:attachment":[{"href":"https:\/\/nublo.tv\/index.php\/wp-json\/wp\/v2\/media?parent=19178"}],"wp:term":[{"taxonomy":"category","embeddable":true,"href":"https:\/\/nublo.tv\/index.php\/wp-json\/wp\/v2\/categories?post=19178"},{"taxonomy":"post_tag","embeddable":true,"href":"https:\/\/nublo.tv\/index.php\/wp-json\/wp\/v2\/tags?post=19178"}],"curies":[{"name":"wp","href":"https:\/\/api.w.org\/{rel}","templated":true}]}}