{"id":19196,"date":"2026-09-02T20:15:55","date_gmt":"2026-09-02T19:15:55","guid":{"rendered":"https:\/\/nublo.tv\/?p=19196"},"modified":"2026-09-02T20:15:55","modified_gmt":"2026-09-02T19:15:55","slug":"las-palmas-ii-presenta-su-proyecto-para-la-temporada-2026-27-en-el-estadio-de-gran-canaria","status":"publish","type":"post","link":"https:\/\/nublo.tv\/index.php\/2026\/09\/02\/las-palmas-ii-presenta-su-proyecto-para-la-temporada-2026-27-en-el-estadio-de-gran-canaria\/","title":{"rendered":"Las Palmas i+i presenta su proyecto para la temporada 2026\/27 en el Estadio de Gran Canaria"},"content":{"rendered":"<p><strong>La sala de prensa del Estadio de Gran Canaria acogi\u00f3 este mi\u00e9rcoles la presentaci\u00f3n del proyecto de Las Palmas i+i para la temporada 2026\/27, en un acto que cont\u00f3 con la presencia del director de Formaci\u00f3n y Captaci\u00f3n de la UD Las Palmas, Tonono Rodr\u00edguez, junto a los jugadores y el cuerpo t\u00e9cnico del equipo inclusivo.<\/strong><\/p>\n<p>El acto sirvi\u00f3 para ratificar la continuidad de esta iniciativa promovida por la Fundaci\u00f3n Canaria UD Las Palmas, que utiliza la pr\u00e1ctica del f\u00fatbol como herramienta de inclusi\u00f3n social, integraci\u00f3n y desarrollo personal, orientada a la transmisi\u00f3n de valores y a la generaci\u00f3n de oportunidades.<\/p>\n<p>Durante la sesi\u00f3n se detallaron las principales directrices de trabajo para el presente curso, fundamentadas en una metodolog\u00eda basada en el trabajo en equipo, el respeto, la convivencia y el esfuerzo como espacio de aprendizaje y participaci\u00f3n.<\/p>\n<p>El equipo de trabajo para el ejercicio 2026\/27 estar\u00e1 integrado por V\u00edctor Rivero (primer entrenador), Lisandro Santana (segundo entrenador), Jorge Hern\u00e1ndez, Manuel Gonz\u00e1lez y Juan Manuel Jim\u00e9nez (asistentes t\u00e9cnicos), Marc Castignani (preparador f\u00edsico), Jos\u00e9 Gonz\u00e1lez (preparador de porteros), Santi Aleman (readaptador), V\u00edctor Pons (m\u00e9dico), Pachi Naranjo (psic\u00f3logo), Juan Ferrer (coach mental), Abel Mena (fisioterapeuta), Samuel Rodr\u00edguez, Leonardo Gil y Josu\u00e9 Castellano (encargados de material) y Jos\u00e9 Aleman \u00abPepillo\u00bb (delegado de equipo).<\/p>\n<p>Durante su intervenci\u00f3n, Tonono Rodr\u00edguez destac\u00f3 la relevancia de Las Palmas i+i dentro del club y valor\u00f3 la labor desempe\u00f1ada por la Fundaci\u00f3n Canaria UD Las Palmas para acercar el deporte a todos los colectivos. A su vez, el cuerpo t\u00e9cnico se\u00f1al\u00f3 su prop\u00f3sito de acompa\u00f1ar la evoluci\u00f3n de los futbolistas reforzando valores como la autonom\u00eda, la responsabilidad, la solidaridad y el compa\u00f1erismo.<\/p>\n","protected":false},"excerpt":{"rendered":"<p>Las Palmas i+i ya tiene todo preparado para afrontar una nueva temporada. Este mi\u00e9rcoles tuvo lugar, en la Sala de Prensa del Estadio de Gran Canaria, la presentaci\u00f3n del proyecto&hellip;<\/p>\n","protected":false},"author":1,"featured_media":19202,"comment_status":"open","ping_status":"open","sticky":false,"template":"","format":"standard","meta":{"wpai_generated_summary":"","wpai_meta_description":"","footnotes":""},"categories":[122],"tags":[],"class_list":["post-19196","post","type-post","status-publish","format-standard","has-post-thumbnail","hentry","category-deportes"],"_links":{"self":[{"href":"https:\/\/nublo.tv\/index.php\/wp-json\/wp\/v2\/posts\/19196","targetHints":{"allow":["GET"]}}],"collection":[{"href":"https:\/\/nublo.tv\/index.php\/wp-json\/wp\/v2\/posts"}],"about":[{"href":"https:\/\/nublo.tv\/index.php\/wp-json\/wp\/v2\/types\/post"}],"author":[{"embeddable":true,"href":"https:\/\/nublo.tv\/index.php\/wp-json\/wp\/v2\/users\/1"}],"replies":[{"embeddable":true,"href":"https:\/\/nublo.tv\/index.php\/wp-json\/wp\/v2\/comments?post=19196"}],"version-history":[{"count":2,"href":"https:\/\/nublo.tv\/index.php\/wp-json\/wp\/v2\/posts\/19196\/revisions"}],"predecessor-version":[{"id":19201,"href":"https:\/\/nublo.tv\/index.php\/wp-json\/wp\/v2\/posts\/19196\/revisions\/19201"}],"wp:featuredmedia":[{"embeddable":true,"href":"https:\/\/nublo.tv\/index.php\/wp-json\/wp\/v2\/media\/19202"}],"wp:attachment":[{"href":"https:\/\/nublo.tv\/index.php\/wp-json\/wp\/v2\/media?parent=19196"}],"wp:term":[{"taxonomy":"category","embeddable":true,"href":"https:\/\/nublo.tv\/index.php\/wp-json\/wp\/v2\/categories?post=19196"},{"taxonomy":"post_tag","embeddable":true,"href":"https:\/\/nublo.tv\/index.php\/wp-json\/wp\/v2\/tags?post=19196"}],"curies":[{"name":"wp","href":"https:\/\/api.w.org\/{rel}","templated":true}]}}