{"id":192,"date":"2026-08-04T17:32:55","date_gmt":"2026-08-04T16:32:55","guid":{"rendered":"https:\/\/nublo.tv\/?p=192"},"modified":"2026-08-04T17:32:55","modified_gmt":"2026-08-04T16:32:55","slug":"el-boletin-oficial-de-la-provincia-publica-el-anuncio-de-leccion-de-juez-a-sustituto-a-del-municipio-de-santa-lucia-de-tirajana","status":"publish","type":"post","link":"https:\/\/nublo.tv\/index.php\/2026\/08\/04\/el-boletin-oficial-de-la-provincia-publica-el-anuncio-de-leccion-de-juez-a-sustituto-a-del-municipio-de-santa-lucia-de-tirajana\/","title":{"rendered":"El Bolet\u00edn Oficial de la Provincia publica el anuncio de lecci\u00f3n de Juez-a Sustituto-a del municipio de Santa Luc\u00eda de Tirajana"},"content":{"rendered":"<p>El Bolet\u00edn Oficial de la Provincia de este viernes 31 de julio de 2026 publica que \u201cQue se va a proceder a la elecci\u00f3n de Juez\/a de Paz Sustituto\/a del municipio de Santa Luc\u00eda de Tirajana, a cuyo efecto las personas interesadas en ocupar las respectivas plazas podr\u00e1n presentar solicitudes\u201d.<\/p>\n<p>El texto a\u00f1ade que \u201cLos Jueces de Paz y sus sustitutos, ejercer\u00e1n funciones jurisdiccionales sin pertenecer a la Carrera Judicial, con sujeci\u00f3n al r\u00e9gimen establecido en la Ley Org\u00e1nica del Poder Judicial, sin car\u00e1cter de profesionalidad y con inamovilidad temporal, formando parte durante su mandato del poder judicial. Los Jueces de Paz y sus sustitutos conocer\u00e1n en el orden civil y penal de los procesos cuya competencia les corresponda por Ley. Cumplir\u00e1n tambi\u00e9n las funciones de Registro Civil que la Ley les atribuya\u201d.<\/p>\n<p>El plazo de presentaci\u00f3n de solicitudes es de 15 d\u00edas h\u00e1biles, y comienza este lunes 3 de Agosto hasta el 21 de agosto (ambos inclusive) . Las personas interesadas pueden consultar las bases completas y el modelo de declaraci\u00f3n responsable en la publicaci\u00f3n del Bolet\u00edn Oficial de la Provincia de Las Palmas del viernes 31 de julio de 2026 en el siguiente enlace<\/p>\n<p><a href=\"https:\/\/www.boplaspalmas.net\/nbop2\/index.php\" target=\"_blank\" rel=\"noopener\">Convocatoria Anuncia Juez-Jueza Sustituto-Sustituta del municipio de Santa Luc\u00eda de Tirajana<\/a><\/p>\n","protected":false},"excerpt":{"rendered":"<p>El Bolet\u00edn Oficial de la Provincia de este viernes 31 de julio de 2026 publica que \u201cQue se va a proceder a la elecci\u00f3n de Juez\/a de Paz Sustituto\/a del&hellip;<\/p>\n","protected":false},"author":18,"featured_media":193,"comment_status":"open","ping_status":"open","sticky":false,"template":"","format":"standard","meta":{"wpai_generated_summary":"","wpai_meta_description":"","footnotes":""},"categories":[137],"tags":[],"class_list":["post-192","post","type-post","status-publish","format-standard","has-post-thumbnail","hentry","category-ayuntamiento-de-santa-lucia-de-tirajana"],"_links":{"self":[{"href":"https:\/\/nublo.tv\/index.php\/wp-json\/wp\/v2\/posts\/192","targetHints":{"allow":["GET"]}}],"collection":[{"href":"https:\/\/nublo.tv\/index.php\/wp-json\/wp\/v2\/posts"}],"about":[{"href":"https:\/\/nublo.tv\/index.php\/wp-json\/wp\/v2\/types\/post"}],"author":[{"embeddable":true,"href":"https:\/\/nublo.tv\/index.php\/wp-json\/wp\/v2\/users\/18"}],"replies":[{"embeddable":true,"href":"https:\/\/nublo.tv\/index.php\/wp-json\/wp\/v2\/comments?post=192"}],"version-history":[{"count":1,"href":"https:\/\/nublo.tv\/index.php\/wp-json\/wp\/v2\/posts\/192\/revisions"}],"predecessor-version":[{"id":491,"href":"https:\/\/nublo.tv\/index.php\/wp-json\/wp\/v2\/posts\/192\/revisions\/491"}],"wp:featuredmedia":[{"embeddable":true,"href":"https:\/\/nublo.tv\/index.php\/wp-json\/wp\/v2\/media\/193"}],"wp:attachment":[{"href":"https:\/\/nublo.tv\/index.php\/wp-json\/wp\/v2\/media?parent=192"}],"wp:term":[{"taxonomy":"category","embeddable":true,"href":"https:\/\/nublo.tv\/index.php\/wp-json\/wp\/v2\/categories?post=192"},{"taxonomy":"post_tag","embeddable":true,"href":"https:\/\/nublo.tv\/index.php\/wp-json\/wp\/v2\/tags?post=192"}],"curies":[{"name":"wp","href":"https:\/\/api.w.org\/{rel}","templated":true}]}}