{"id":19295,"date":"2026-09-03T10:19:34","date_gmt":"2026-09-03T09:19:34","guid":{"rendered":"https:\/\/nublo.tv\/?p=19295"},"modified":"2026-09-03T10:19:34","modified_gmt":"2026-09-03T09:19:34","slug":"santa-brigida-presenta-el-plan-de-sostenibilidad-turistica-2027-2030-en-un-acto-abierto-a-la-cinia","status":"publish","type":"post","link":"https:\/\/nublo.tv\/index.php\/2026\/09\/03\/santa-brigida-presenta-el-plan-de-sostenibilidad-turistica-2027-2030-en-un-acto-abierto-a-la-cinia\/","title":{"rendered":"Santa Br\u00edgida presenta el Plan de Sostenibilidad Tur\u00edstica 2027-2030 en un acto abierto a la cin\u00eda"},"content":{"rendered":"<blockquote><p><strong>El Ayuntamiento de Santa Br\u00edgida presenta este 22 de septiembre el Plan de Sostenibilidad Tur\u00edstica (PST) 2027-2030 en una jornada abierta a vecinos, asociaciones, empresas y profesionales del sector para recoger aportaciones antes de su aprobaci\u00f3n definitiva.<\/strong><\/p><\/blockquote>\n<p>El documento, elaborado tras meses de trabajo t\u00e9cnico, busca transformar el modelo tur\u00edstico del municipio, pasando de un patr\u00f3n de estancia corta y visitante excursionista a un destino de interior sostenible, integrado en la identidad rural y paisaj\u00edstica de las median\u00edas.<\/p>\n<p>La concejal de Comercio y Turismo, Carmen Juez, destac\u00f3 que \u00abel objetivo es que el plan definitivo refleje las necesidades y aspiraciones de residentes, comerciantes y empresarios locales. La visi\u00f3n de un vecino, del agricultor, del artesano o del peque\u00f1o empresario es clave para configurar un modelo que proteja nuestro patrimonio y dinamice la econom\u00eda local\u00bb.<\/p>\n<p>El estudio previo del PST incluye un an\u00e1lisis DAFO que resalta el elevado valor ambiental del municipio (con espacios protegidos ZEC y ENP), su tradici\u00f3n vitivin\u00edcola (impulsada por la Casa del Vino, la Ruta del Vino y la D.O. Gran Canaria), la singularidad de sus n\u00facleos artesanales y su cercan\u00eda al \u00e1rea metropolitana. Estas fortalezas, junto a su condici\u00f3n de destino no masificado, permiten consolidar una oferta experiencial aut\u00e9ntica.<\/p>\n<p>Durante la sesi\u00f3n del 22 de septiembre se expondr\u00e1n las conclusiones del diagn\u00f3stico estrat\u00e9gico y se abrir\u00e1 un turno de intervenci\u00f3n p\u00fablica para recoger sugerencias. <a href=\"https:\/\/www.santabrigida.es\/wp-content\/uploads\/2026\/09\/20260826_Otros_Presentacion-PST.pdf\">Plan de Sostenibilidad Tur\u00edstica (PST) de Santa Br\u00edgida 2027-2030<\/a><\/p>\n<p>La concejal anima a la cin\u00eda a consultar el documento de resumen para enriquecer el debate.<\/p>\n","protected":false},"excerpt":{"rendered":"<p>El Ayuntamiento de Santa Br\u00edgida, a trav\u00e9s de la Concejal\u00eda de Comercio y Turismo que dirige Carmen Juez, invita a los vecinos del municipio, as\u00ed como a asociaciones, colectivos sociales,&hellip;<\/p>\n","protected":false},"author":1,"featured_media":19311,"comment_status":"open","ping_status":"open","sticky":false,"template":"","format":"standard","meta":{"wpai_generated_summary":"","wpai_meta_description":"","footnotes":""},"categories":[136],"tags":[],"class_list":["post-19295","post","type-post","status-publish","format-standard","has-post-thumbnail","hentry","category-ayuntamiento-de-santa-brigida"],"_links":{"self":[{"href":"https:\/\/nublo.tv\/index.php\/wp-json\/wp\/v2\/posts\/19295","targetHints":{"allow":["GET"]}}],"collection":[{"href":"https:\/\/nublo.tv\/index.php\/wp-json\/wp\/v2\/posts"}],"about":[{"href":"https:\/\/nublo.tv\/index.php\/wp-json\/wp\/v2\/types\/post"}],"author":[{"embeddable":true,"href":"https:\/\/nublo.tv\/index.php\/wp-json\/wp\/v2\/users\/1"}],"replies":[{"embeddable":true,"href":"https:\/\/nublo.tv\/index.php\/wp-json\/wp\/v2\/comments?post=19295"}],"version-history":[{"count":3,"href":"https:\/\/nublo.tv\/index.php\/wp-json\/wp\/v2\/posts\/19295\/revisions"}],"predecessor-version":[{"id":19312,"href":"https:\/\/nublo.tv\/index.php\/wp-json\/wp\/v2\/posts\/19295\/revisions\/19312"}],"wp:featuredmedia":[{"embeddable":true,"href":"https:\/\/nublo.tv\/index.php\/wp-json\/wp\/v2\/media\/19311"}],"wp:attachment":[{"href":"https:\/\/nublo.tv\/index.php\/wp-json\/wp\/v2\/media?parent=19295"}],"wp:term":[{"taxonomy":"category","embeddable":true,"href":"https:\/\/nublo.tv\/index.php\/wp-json\/wp\/v2\/categories?post=19295"},{"taxonomy":"post_tag","embeddable":true,"href":"https:\/\/nublo.tv\/index.php\/wp-json\/wp\/v2\/tags?post=19295"}],"curies":[{"name":"wp","href":"https:\/\/api.w.org\/{rel}","templated":true}]}}