{"id":19297,"date":"2026-09-03T10:17:23","date_gmt":"2026-09-03T09:17:23","guid":{"rendered":"https:\/\/nublo.tv\/?p=19297"},"modified":"2026-09-03T10:17:23","modified_gmt":"2026-09-03T09:17:23","slug":"la-reforma-integral-del-almacen-municipal-brimate-entra-en-su-recta-final","status":"publish","type":"post","link":"https:\/\/nublo.tv\/index.php\/2026\/09\/03\/la-reforma-integral-del-almacen-municipal-brimate-entra-en-su-recta-final\/","title":{"rendered":"La reforma integral del almac\u00e9n municipal \u2018Brimate\u2019 entra en su recta final"},"content":{"rendered":"<p><strong>El Ayuntamiento de Santa Br\u00edgida ha concluido la fase final de la modernizaci\u00f3n integral del Almac\u00e9n Municipal \u2018Brimate\u2019, ubicado en la GC\u201115, zona Portada Verde.<\/strong><\/p>\n<p><a href=\"https:\/\/www.santabrigida.es\/wp-content\/uploads\/2026\/09\/puerta.jpeg\"><img loading=\"lazy\" decoding=\"async\" class=\"wp-image-46669\" src=\"https:\/\/www.santabrigida.es\/wp-content\/uploads\/2026\/09\/puerta-1024x768.jpeg\" alt=\"\" width=\"1024\" height=\"768\" \/><\/a><\/p>\n<p>El complejo est\u00e1 integrado por una nave principal de 1.105 metros cuadrados, un taller mec\u00e1nico de 106 metros cuadrados, una sala de bombas, un aljibe de 48 metros c\u00fabicos y una campa exterior de 15.000 metros cuadrados.<\/p>\n<p><a href=\"https:\/\/www.santabrigida.es\/wp-content\/uploads\/2026\/09\/trasera.jpeg\"><img loading=\"lazy\" decoding=\"async\" class=\"wp-image-46670\" src=\"https:\/\/www.santabrigida.es\/wp-content\/uploads\/2026\/09\/trasera-1024x768.jpeg\" alt=\"\" width=\"1024\" height=\"768\" \/><\/a><\/p>\n<p>El Almac\u00e9n constituye un espacio esencial para el funcionamiento de los servicios p\u00fablicos de la Villa, al albergar la maquinaria, los veh\u00edculos y los materiales necesarios para el mantenimiento municipal y la ejecuci\u00f3n de obras.<\/p>\n<p>Energ\u00eda solar y punto de recarga<\/p>\n<p><a href=\"https:\/\/www.santabrigida.es\/wp-content\/uploads\/2026\/09\/Vista-aerea.jpg\"><img loading=\"lazy\" decoding=\"async\" class=\"wp-image-46668\" src=\"https:\/\/www.santabrigida.es\/wp-content\/uploads\/2026\/09\/Vista-aerea-1024x701.jpg\" alt=\"\" width=\"1024\" height=\"701\" \/><\/a><\/p>\n<p>La reforma ha consistido en la eliminaci\u00f3n de la cubierta de amianto de la nave principal, sustituida por una nueva cubierta met\u00e1lica con aislamiento t\u00e9rmico de lana de roca y una planta fotovoltaica de 130\u202fkW de potencia que producir\u00e1 energ\u00eda limpia.<\/p>\n<p>La capacidad de generaci\u00f3n de la planta supera el consumo de la nave, que ronda entre 10 y 15\u202fkW, y el excedente se destinar\u00e1 a otras instalaciones municipales, como el alumbrado p\u00fablico y edificios dentro de dos kil\u00f3metros, entre ellos el Mercado, el IES Sataute y el propio Ayuntamiento.<\/p>\n<p>La modernizaci\u00f3n tambi\u00e9n incorpora un punto de recarga para veh\u00edculos el\u00e9ctricos con dos tomas, adaptando el recinto a la electrificaci\u00f3n progresiva de la flota municipal.<\/p>\n<p><a href=\"https:\/\/www.santabrigida.es\/wp-content\/uploads\/2026\/09\/Dentro.jpeg\"><img loading=\"lazy\" decoding=\"async\" class=\"wp-image-46671\" src=\"https:\/\/www.santabrigida.es\/wp-content\/uploads\/2026\/09\/Dentro-1024x768.jpeg\" alt=\"\" width=\"1024\" height=\"768\" \/><\/a><\/p>\n<p>Con una inversi\u00f3n de 1,1 millones de euros, la intervenci\u00f3n ha renovado infraestructuras de fontaner\u00eda, baja tensi\u00f3n, climatizaci\u00f3n y extracci\u00f3n, as\u00ed como soleras, vallado y estanter\u00edas de carga pesada, y ha ordenado el entorno, la acopio de materiales y la reorganizaci\u00f3n del aparcamiento para mejorar la funcionalidad y seguridad.<\/p>\n<p><a href=\"https:\/\/www.santabrigida.es\/wp-content\/uploads\/2026\/09\/Estanteria.jpeg\"><img loading=\"lazy\" decoding=\"async\" class=\"wp-image-46672\" src=\"https:\/\/www.santabrigida.es\/wp-content\/uploads\/2026\/09\/Estanteria-1024x768.jpeg\" alt=\"\" width=\"1024\" height=\"768\" \/><\/a><\/p>\n<p>Se ha llevado a cabo el desmontaje, desgasificaci\u00f3n y extracci\u00f3n de los tanques soterrados de combustible en desuso, eliminando dichas instalaciones y adaptando el recinto a nuevas necesidades operativas.<\/p>\n<p>La actuaci\u00f3n la ejecut\u00f3 Construplan, Construcciones y Planificaci\u00f3n S.L.U., en el marco del Programa Insular de Desarrollo Socioecon\u00f3mico de Gran Canaria, impulsado por el Cabildo de Gran Canaria en colaboraci\u00f3n con el Ayuntamiento de Santa Br\u00edgida.<\/p>\n","protected":false},"excerpt":{"rendered":"<p>El Ayuntamiento de Santa Br\u00edgida afronta la recta final de las obras de modernizaci\u00f3n integral del Almac\u00e9n Municipal \u2018Brimate\u2019, situado en la GC-15, zona Portada Verde, tras una actuaci\u00f3n que&hellip;<\/p>\n","protected":false},"author":1,"featured_media":19305,"comment_status":"open","ping_status":"open","sticky":false,"template":"","format":"standard","meta":{"wpai_generated_summary":"","wpai_meta_description":"","footnotes":""},"categories":[136],"tags":[],"class_list":["post-19297","post","type-post","status-publish","format-standard","has-post-thumbnail","hentry","category-ayuntamiento-de-santa-brigida"],"_links":{"self":[{"href":"https:\/\/nublo.tv\/index.php\/wp-json\/wp\/v2\/posts\/19297","targetHints":{"allow":["GET"]}}],"collection":[{"href":"https:\/\/nublo.tv\/index.php\/wp-json\/wp\/v2\/posts"}],"about":[{"href":"https:\/\/nublo.tv\/index.php\/wp-json\/wp\/v2\/types\/post"}],"author":[{"embeddable":true,"href":"https:\/\/nublo.tv\/index.php\/wp-json\/wp\/v2\/users\/1"}],"replies":[{"embeddable":true,"href":"https:\/\/nublo.tv\/index.php\/wp-json\/wp\/v2\/comments?post=19297"}],"version-history":[{"count":2,"href":"https:\/\/nublo.tv\/index.php\/wp-json\/wp\/v2\/posts\/19297\/revisions"}],"predecessor-version":[{"id":19306,"href":"https:\/\/nublo.tv\/index.php\/wp-json\/wp\/v2\/posts\/19297\/revisions\/19306"}],"wp:featuredmedia":[{"embeddable":true,"href":"https:\/\/nublo.tv\/index.php\/wp-json\/wp\/v2\/media\/19305"}],"wp:attachment":[{"href":"https:\/\/nublo.tv\/index.php\/wp-json\/wp\/v2\/media?parent=19297"}],"wp:term":[{"taxonomy":"category","embeddable":true,"href":"https:\/\/nublo.tv\/index.php\/wp-json\/wp\/v2\/categories?post=19297"},{"taxonomy":"post_tag","embeddable":true,"href":"https:\/\/nublo.tv\/index.php\/wp-json\/wp\/v2\/tags?post=19297"}],"curies":[{"name":"wp","href":"https:\/\/api.w.org\/{rel}","templated":true}]}}