{"id":19299,"date":"2026-09-03T11:41:19","date_gmt":"2026-09-03T10:41:19","guid":{"rendered":"https:\/\/nublo.tv\/?p=19299"},"modified":"2026-09-03T11:41:19","modified_gmt":"2026-09-03T10:41:19","slug":"telde-participara-en-la-romeria-del-pino-con-una-carreta-dedicada-a-sus-675-anos-de-historia","status":"publish","type":"post","link":"https:\/\/nublo.tv\/index.php\/2026\/09\/03\/telde-participara-en-la-romeria-del-pino-con-una-carreta-dedicada-a-sus-675-anos-de-historia\/","title":{"rendered":"Telde participar\u00e1 en la Romer\u00eda del Pino con una carreta dedicada a sus 675 a\u00f1os de historia"},"content":{"rendered":"<p><strong>El municipio de Telde participar\u00e1 el pr\u00f3ximo 7 de septiembre en la 74\u00aa edici\u00f3n de la Romer\u00eda-Ofrenda a Nuestra Se\u00f1ora del Pino, en Teror, con una propuesta institucional dedicada a la conmemoraci\u00f3n de sus 675 a\u00f1os de historia.<\/strong><\/p>\n<p>La carreta teldense ocupar\u00e1 la s\u00e9ptima posici\u00f3n del desfile, seg\u00fan determin\u00f3 el sorteo municipal. La composici\u00f3n art\u00edstica tendr\u00e1 como protagonistas las frutas, verduras y flores, acompa\u00f1adas por elementos tradicionales como referencias a la cetrer\u00eda. El montaje final de estos productos se ejecutar\u00e1 directamente en la Villa Mariana para garantizar su frescura y correcta disposici\u00f3n.<\/p>\n<p>La representaci\u00f3n municipal contar\u00e1 con la presencia de colectivos folcl\u00f3ricos y culturales, con especial protagonismo de Jin\u00e1mar. La m\u00fasica estar\u00e1 a cargo de la Agrupaci\u00f3n Folcl\u00f3rica Entre Amigos, acompa\u00f1ada por los cuerpos de baile de Entre Amigos, Tajea y Torna, y la Escuela de Tradici\u00f3n y Cultura de Jin\u00e1mar.<\/p>\n<p>El concejal de Festejos, Miguel Rodr\u00edguez, se\u00f1al\u00f3 que el objetivo es que el municipio est\u00e9 representado \u00abpor su gente, por sus grupos culturales, por sus m\u00fasicos y por sus cuerpos de baile\u00bb, destacando que la presencia de Jin\u00e1mar \u00abdemuestra que nuestras tradiciones siguen vivas en nuestros barrios y que la cultura canaria se mantiene gracias al trabajo que realizan durante todo el a\u00f1o nuestros grupos y asociaciones\u00bb.<\/p>\n<p>Para facilitar la asistencia cina, el Ayuntamiento de Telde ha habilitado 11 guaguas gratuitas hacia Teror a trav\u00e9s de la Concejal\u00eda de Festejos y Ferias, servicio que en 2025 traslad\u00f3 a m\u00e1s de 600 personas. Las \u00faltimas plazas disponibles pueden solicitarse mediante llamada o WhatsApp al tel\u00e9fono 646 71 55 89. Se anima a quienes asistan a acudir con la vestimenta tradicional canaria.<\/p>\n","protected":false},"excerpt":{"rendered":"<p>https:\/\/www.telde.es\/wp-content\/uploads\/2026\/09\/noticia714.jpgTelde, a 2 de septiembre de 2026. Telde volver\u00e1 a estar presente el pr\u00f3ximo 7 de septiembre en la tradicional Ofrenda-Romer\u00eda a Nuestra Se\u00f1ora del Pino, en Teror, con una&hellip;<\/p>\n","protected":false},"author":1,"featured_media":19314,"comment_status":"open","ping_status":"open","sticky":false,"template":"","format":"standard","meta":{"wpai_generated_summary":"","wpai_meta_description":"","footnotes":""},"categories":[140],"tags":[],"class_list":["post-19299","post","type-post","status-publish","format-standard","has-post-thumbnail","hentry","category-ayuntamiento-de-telde"],"_links":{"self":[{"href":"https:\/\/nublo.tv\/index.php\/wp-json\/wp\/v2\/posts\/19299","targetHints":{"allow":["GET"]}}],"collection":[{"href":"https:\/\/nublo.tv\/index.php\/wp-json\/wp\/v2\/posts"}],"about":[{"href":"https:\/\/nublo.tv\/index.php\/wp-json\/wp\/v2\/types\/post"}],"author":[{"embeddable":true,"href":"https:\/\/nublo.tv\/index.php\/wp-json\/wp\/v2\/users\/1"}],"replies":[{"embeddable":true,"href":"https:\/\/nublo.tv\/index.php\/wp-json\/wp\/v2\/comments?post=19299"}],"version-history":[{"count":3,"href":"https:\/\/nublo.tv\/index.php\/wp-json\/wp\/v2\/posts\/19299\/revisions"}],"predecessor-version":[{"id":19319,"href":"https:\/\/nublo.tv\/index.php\/wp-json\/wp\/v2\/posts\/19299\/revisions\/19319"}],"wp:featuredmedia":[{"embeddable":true,"href":"https:\/\/nublo.tv\/index.php\/wp-json\/wp\/v2\/media\/19314"}],"wp:attachment":[{"href":"https:\/\/nublo.tv\/index.php\/wp-json\/wp\/v2\/media?parent=19299"}],"wp:term":[{"taxonomy":"category","embeddable":true,"href":"https:\/\/nublo.tv\/index.php\/wp-json\/wp\/v2\/categories?post=19299"},{"taxonomy":"post_tag","embeddable":true,"href":"https:\/\/nublo.tv\/index.php\/wp-json\/wp\/v2\/tags?post=19299"}],"curies":[{"name":"wp","href":"https:\/\/api.w.org\/{rel}","templated":true}]}}