{"id":19301,"date":"2026-09-03T11:41:27","date_gmt":"2026-09-03T10:41:27","guid":{"rendered":"https:\/\/nublo.tv\/?p=19301"},"modified":"2026-09-03T11:41:27","modified_gmt":"2026-09-03T10:41:27","slug":"teror-lamenta-la-muerte-de-la-destacada-figura-cientifica-juan-antonio-pena","status":"publish","type":"post","link":"https:\/\/nublo.tv\/index.php\/2026\/09\/03\/teror-lamenta-la-muerte-de-la-destacada-figura-cientifica-juan-antonio-pena\/","title":{"rendered":"Teror lamenta la muerte de la destacada figura cient\u00edfica Juan Antonio Pe\u00f1a"},"content":{"rendered":"<p><strong>El reconocido cient\u00edfico terorense Juan Antonio Pe\u00f1a Quintana falleci\u00f3 el martes 2 de septiembre y ser\u00e1 incinerado en la noche de este jueves, seg\u00fan la Corporaci\u00f3n municipal de Teror, que expresa su profundo pesar por la p\u00e9rdida de la personalidad vinculada al municipio.<\/strong><\/p>\n<p>Teror lamenta el fallecimiento de Juan Antonio Pe\u00f1a Quintana, Hijo Predilecto de Teror en 2016 y doctor en Ingenier\u00eda Industrial de la ULPGC, especializado en termodin\u00e1mica. La Corporaci\u00f3n municipal de Teror transmite sus condolencias a familiares y amistades, reconociendo la destacada trayectoria del cient\u00edfico en el \u00e1mbito universitario y su estrecha relaci\u00f3n con su municipio natal.<\/p>\n<p>El pasado 2025, Pe\u00f1a recibi\u00f3 una de sus \u00faltimas distinciones p\u00fablicas, la Medalla de Oro de la Universidad de Las Palmas, por su labor profesional en la Escuela Superior de Ingenier\u00eda Industrial.<\/p>\n<p>Especialista en termodin\u00e1mica, Pe\u00f1a form\u00f3 parte de la primera promoci\u00f3n de doctores en Ingenier\u00eda Industrial de la ULPGC y fue miembro de sociedades cient\u00edficas en Espa\u00f1a y Portugal. Sus investigaciones alcanzaron proyecci\u00f3n internacional, con publicaciones en revistas de Estados Unidos, Inglaterra, Jap\u00f3n, India, Canad\u00e1, Francia, Holanda y Argentina.<\/p>\n<p>Durante su carrera, dirigi\u00f3 numerosas tesis doctorales y proyectos de fin de carrera, y fue elegido en cuatro ocasiones como mejor profesor del \u00e1rea t\u00e9cnica. Su magisterio se distingui\u00f3 por la humanidad y cercan\u00eda con el alumnado, convirti\u00e9ndolo en padrino habitual de diversas promociones y referente para varias generaciones de ingenieros.<\/p>\n<p>Compa\u00f1eros y estudiantes lo describieron como un aut\u00e9ntico \u201cmodelo de docencia y decencia\u201d, subrayando que ense\u00f1aba no solo conocimientos t\u00e9cnicos, sino tambi\u00e9n valores humanos. El propio profesor resum\u00eda su filosof\u00eda con la frase: \u201cAntes que profesor, hay que ser humano\u201d.<\/p>\n<p>Su compromiso con la ULPGC fue m\u00e1s all\u00e1 de la ense\u00f1anza, colaborando en la coordinaci\u00f3n de residencias universitarias y en distintas iniciativas institucionales. El actual rector, Llu\u00eds Serra, y el exrector Jos\u00e9 Regidor resaltaron su ejemplo humano y su contribuci\u00f3n decisiva a la vida universitaria.<\/p>\n<p>Tras su jubilaci\u00f3n en 2012, motivada por problemas de salud, recibi\u00f3 innumerables muestras de afecto. En 2016 fue nombrado Hijo Predilecto de Teror, un reconocimiento que se celebra con la comunidad universitaria durante su 75.\u00ba aniversario, honor que reconoce su huella acad\u00e9mica y personal.<\/p>\n<p>El Pleno de la Corporaci\u00f3n Municipal de Teror aprob\u00f3 el 14 de abril de 20216 por unanimidad el nombramiento de Hijo Predilecto de Teror. <a href=\"https:\/\/esquelas.teror.es\/web\/obituary\/show\/784\"><span style=\"color: #0000ff\">Ver esquela<\/span><\/a><\/p>\n","protected":false},"excerpt":{"rendered":"<p>El reconocido cient\u00edfico terorense falleci\u00f3 este martes 2 de septiembre y ser\u00e1 incinerado en la noche de este jueves. Teror lamenta el fallecimiento de Juan Antonio Pe\u00f1a Quintana, Hijo Predilecto&hellip;<\/p>\n","protected":false},"author":1,"featured_media":19316,"comment_status":"open","ping_status":"open","sticky":false,"template":"","format":"standard","meta":{"wpai_generated_summary":"","wpai_meta_description":"","footnotes":""},"categories":[141],"tags":[],"class_list":["post-19301","post","type-post","status-publish","format-standard","has-post-thumbnail","hentry","category-ayuntamiento-de-teror"],"_links":{"self":[{"href":"https:\/\/nublo.tv\/index.php\/wp-json\/wp\/v2\/posts\/19301","targetHints":{"allow":["GET"]}}],"collection":[{"href":"https:\/\/nublo.tv\/index.php\/wp-json\/wp\/v2\/posts"}],"about":[{"href":"https:\/\/nublo.tv\/index.php\/wp-json\/wp\/v2\/types\/post"}],"author":[{"embeddable":true,"href":"https:\/\/nublo.tv\/index.php\/wp-json\/wp\/v2\/users\/1"}],"replies":[{"embeddable":true,"href":"https:\/\/nublo.tv\/index.php\/wp-json\/wp\/v2\/comments?post=19301"}],"version-history":[{"count":3,"href":"https:\/\/nublo.tv\/index.php\/wp-json\/wp\/v2\/posts\/19301\/revisions"}],"predecessor-version":[{"id":19320,"href":"https:\/\/nublo.tv\/index.php\/wp-json\/wp\/v2\/posts\/19301\/revisions\/19320"}],"wp:featuredmedia":[{"embeddable":true,"href":"https:\/\/nublo.tv\/index.php\/wp-json\/wp\/v2\/media\/19316"}],"wp:attachment":[{"href":"https:\/\/nublo.tv\/index.php\/wp-json\/wp\/v2\/media?parent=19301"}],"wp:term":[{"taxonomy":"category","embeddable":true,"href":"https:\/\/nublo.tv\/index.php\/wp-json\/wp\/v2\/categories?post=19301"},{"taxonomy":"post_tag","embeddable":true,"href":"https:\/\/nublo.tv\/index.php\/wp-json\/wp\/v2\/tags?post=19301"}],"curies":[{"name":"wp","href":"https:\/\/api.w.org\/{rel}","templated":true}]}}