{"id":19317,"date":"2026-09-03T11:42:01","date_gmt":"2026-09-03T10:42:01","guid":{"rendered":"http:\/\/nublo.tv\/?p=19317"},"modified":"2026-09-03T11:42:01","modified_gmt":"2026-09-03T10:42:01","slug":"el-agujero-alberga-un-taller-de-alfareria-y-arcilla-dentro-del-proyecto-barrios-vivos","status":"publish","type":"post","link":"https:\/\/nublo.tv\/index.php\/2026\/09\/03\/el-agujero-alberga-un-taller-de-alfareria-y-arcilla-dentro-del-proyecto-barrios-vivos\/","title":{"rendered":"El Agujero alberga un taller de alfarer\u00eda y arcilla dentro del proyecto Barrios Vivos"},"content":{"rendered":"<p><strong>El Ayuntamiento de G\u00e1ldar organiza este s\u00e1bado 5 de septiembre, de 10:30 a 13:30 horas, un taller de alfarer\u00eda y arcilla en El Agujero como parte del proyecto Barrios Vivos.<\/strong><\/p>\n<p>La actividad, dirigida a ni\u00f1os y sus familias, forma parte de la tercera parada de este a\u00f1o del programa, que busca fomentar el encuentro comunitario y el ocio creativo en los barrios del municipio.<\/p>\n<p>Barrios Vivos se enmarca en el programa anual G\u00e1ldar Educa, impulsado por la Concejal\u00eda de Educaci\u00f3n \u2014dirigida por Rita Cabrera\u2014 y apoyado por el Plan Corresponsables a trav\u00e9s de la FECAM, con la colaboraci\u00f3n de Enf\u00f3rmate.<\/p>\n<p>Las pr\u00f3ximas jornadas del proyecto en otros barrios de G\u00e1ldar se anunciar\u00e1n a trav\u00e9s de la web y las redes sociales del Ayuntamiento.<\/p>\n","protected":false},"excerpt":{"rendered":"<p>El Ayuntamiento de G\u00e1ldar, a trav\u00e9s de la Concejal\u00eda de Educaci\u00f3n que dirige Rita Cabrera, organiza la tercera parada de este a\u00f1o del proyecto Barrios Vivos en El Agujero. El&hellip;<\/p>\n","protected":false},"author":1,"featured_media":19322,"comment_status":"open","ping_status":"open","sticky":false,"template":"","format":"standard","meta":{"wpai_generated_summary":"","wpai_meta_description":"","footnotes":""},"categories":[129],"tags":[],"class_list":["post-19317","post","type-post","status-publish","format-standard","has-post-thumbnail","hentry","category-ayuntamiento-de-galdar"],"_links":{"self":[{"href":"https:\/\/nublo.tv\/index.php\/wp-json\/wp\/v2\/posts\/19317","targetHints":{"allow":["GET"]}}],"collection":[{"href":"https:\/\/nublo.tv\/index.php\/wp-json\/wp\/v2\/posts"}],"about":[{"href":"https:\/\/nublo.tv\/index.php\/wp-json\/wp\/v2\/types\/post"}],"author":[{"embeddable":true,"href":"https:\/\/nublo.tv\/index.php\/wp-json\/wp\/v2\/users\/1"}],"replies":[{"embeddable":true,"href":"https:\/\/nublo.tv\/index.php\/wp-json\/wp\/v2\/comments?post=19317"}],"version-history":[{"count":2,"href":"https:\/\/nublo.tv\/index.php\/wp-json\/wp\/v2\/posts\/19317\/revisions"}],"predecessor-version":[{"id":19327,"href":"https:\/\/nublo.tv\/index.php\/wp-json\/wp\/v2\/posts\/19317\/revisions\/19327"}],"wp:featuredmedia":[{"embeddable":true,"href":"https:\/\/nublo.tv\/index.php\/wp-json\/wp\/v2\/media\/19322"}],"wp:attachment":[{"href":"https:\/\/nublo.tv\/index.php\/wp-json\/wp\/v2\/media?parent=19317"}],"wp:term":[{"taxonomy":"category","embeddable":true,"href":"https:\/\/nublo.tv\/index.php\/wp-json\/wp\/v2\/categories?post=19317"},{"taxonomy":"post_tag","embeddable":true,"href":"https:\/\/nublo.tv\/index.php\/wp-json\/wp\/v2\/tags?post=19317"}],"curies":[{"name":"wp","href":"https:\/\/api.w.org\/{rel}","templated":true}]}}