{"id":19323,"date":"2026-09-03T11:43:27","date_gmt":"2026-09-03T10:43:27","guid":{"rendered":"http:\/\/nublo.tv\/?p=19323"},"modified":"2026-09-03T11:43:27","modified_gmt":"2026-09-03T10:43:27","slug":"la-junta-de-gobierno-aprueba-el-acuerdo-de-productividad-para-policia-local-bomberos-y-seguridad-y-emergencias","status":"publish","type":"post","link":"https:\/\/nublo.tv\/index.php\/2026\/09\/03\/la-junta-de-gobierno-aprueba-el-acuerdo-de-productividad-para-policia-local-bomberos-y-seguridad-y-emergencias\/","title":{"rendered":"La Junta de Gobierno aprueba el acuerdo de productividad para Polic\u00eda Local, Bomberos y Seguridad y Emergencias"},"content":{"rendered":"<p><strong>Las Palmas de Gran Canaria, 3 sep (2026). La Junta de Gobierno del Ayuntamiento de Las Palmas de Gran Canaria ha aprobado este jueves el acuerdo que regula el reconocimiento y abono de la productividad especial por jornadas y dispositivos extraordinarios para Polic\u00eda Local, Bomberos, Agentes de Movilidad y Seguridad y Emergencias.<\/strong><\/p>\n<p>El texto establece el marco para compensar econ\u00f3micamente el esfuerzo y la actividad extraordinaria de estos servicios municipales en eventos, dispositivos o situaciones que requieren refuerzo de efectivos para garantizar seguridad, movilidad y el correcto desarrollo de actividades en la ciudad.<\/p>\n<p>El acuerdo, con efectos desde el 1 de enero de 2026, incluye jornadas especiales vinculadas a actos como el Carnaval, la Noche de San Juan, las fiestas de la ciudad, la Navidad, grandes eventos deportivos o situaciones imprevistas y activaciones de planes municipales de emergencia.<\/p>\n<p>Tambi\u00e9n prev\u00e9 reconocer actuaciones de especial rendimiento en otras unidades municipales cuando concurran circunstancias extraordinarias, siempre que se acredite la necesidad, se valide por la Direcci\u00f3n General de Recursos Humanos y se apruebe expresamente por la Junta de Gobierno.<\/p>\n<p>La concejala de Recursos Humanos, Esther Mart\u00edn, ha destacado que el acuerdo \u00abda un marco estable y ordenado al reconocimiento del esfuerzo extraordinario del personal municipal cuando las necesidades del servicio requieren una mayor implicaci\u00f3n profesional\u00bb. Mart\u00edn ha a\u00f1adido que \u00abes una medida que reconoce el trabajo de quienes prestan servicios esenciales para la cin\u00eda y permite organizar estos recursos con criterios de planificaci\u00f3n, transparencia y equidad\u00bb.<\/p>\n<p>El concejal de Seguridad, Josu\u00e9 \u00cd\u00f1iguez, ha subrayado que \u00abla Polic\u00eda Local, los Agentes de Movilidad, los Bomberos y el personal de Seguridad y Emergencias desempe\u00f1an un papel fundamental en grandes acontecimientos y situaciones que requieren respuesta especial en la ciudad\u00bb. \u00cd\u00f1iguez ha se\u00f1alado que \u00abeste acuerdo reconoce ese esfuerzo adicional y permite seguir reforzando la capacidad de respuesta de unos servicios que trabajan cada d\u00eda para garantizar la seguridad de la cin\u00eda\u00bb.<\/p>\n","protected":false},"excerpt":{"rendered":"<p>El acuerdo regula el reconocimiento y abono de la productividad especial por el desarrollo de jornadas y dispositivos extraordinarios vinculados a acontecimientos y necesidades espec\u00edficas del servicioLas Palmas de Gran&hellip;<\/p>\n","protected":false},"author":1,"featured_media":19333,"comment_status":"open","ping_status":"open","sticky":false,"template":"","format":"standard","meta":{"wpai_generated_summary":"","wpai_meta_description":"","footnotes":""},"categories":[132],"tags":[],"class_list":["post-19323","post","type-post","status-publish","format-standard","has-post-thumbnail","hentry","category-ayuntamiento-de-las-palmas-de-gran-canaria"],"_links":{"self":[{"href":"https:\/\/nublo.tv\/index.php\/wp-json\/wp\/v2\/posts\/19323","targetHints":{"allow":["GET"]}}],"collection":[{"href":"https:\/\/nublo.tv\/index.php\/wp-json\/wp\/v2\/posts"}],"about":[{"href":"https:\/\/nublo.tv\/index.php\/wp-json\/wp\/v2\/types\/post"}],"author":[{"embeddable":true,"href":"https:\/\/nublo.tv\/index.php\/wp-json\/wp\/v2\/users\/1"}],"replies":[{"embeddable":true,"href":"https:\/\/nublo.tv\/index.php\/wp-json\/wp\/v2\/comments?post=19323"}],"version-history":[{"count":2,"href":"https:\/\/nublo.tv\/index.php\/wp-json\/wp\/v2\/posts\/19323\/revisions"}],"predecessor-version":[{"id":19335,"href":"https:\/\/nublo.tv\/index.php\/wp-json\/wp\/v2\/posts\/19323\/revisions\/19335"}],"wp:featuredmedia":[{"embeddable":true,"href":"https:\/\/nublo.tv\/index.php\/wp-json\/wp\/v2\/media\/19333"}],"wp:attachment":[{"href":"https:\/\/nublo.tv\/index.php\/wp-json\/wp\/v2\/media?parent=19323"}],"wp:term":[{"taxonomy":"category","embeddable":true,"href":"https:\/\/nublo.tv\/index.php\/wp-json\/wp\/v2\/categories?post=19323"},{"taxonomy":"post_tag","embeddable":true,"href":"https:\/\/nublo.tv\/index.php\/wp-json\/wp\/v2\/tags?post=19323"}],"curies":[{"name":"wp","href":"https:\/\/api.w.org\/{rel}","templated":true}]}}