{"id":19325,"date":"2026-09-03T11:43:21","date_gmt":"2026-09-03T10:43:21","guid":{"rendered":"http:\/\/nublo.tv\/?p=19325"},"modified":"2026-09-03T11:43:21","modified_gmt":"2026-09-03T10:43:21","slug":"la-plaza-de-espana-y-el-pueblo-canario-reanudan-las-actuaciones-de-folclore-canario-el-primer-fin-de-semana-de-septiembre","status":"publish","type":"post","link":"https:\/\/nublo.tv\/index.php\/2026\/09\/03\/la-plaza-de-espana-y-el-pueblo-canario-reanudan-las-actuaciones-de-folclore-canario-el-primer-fin-de-semana-de-septiembre\/","title":{"rendered":"La Plaza de Espa\u00f1a y el Pueblo Canario reanudan las actuaciones de folclore canario el primer fin de semana de septiembre"},"content":{"rendered":"<p><strong>Las Palmas de Gran Canaria, 3 sep (2026).- La Plaza de Espa\u00f1a y el Pueblo Canario acogen este fin de semana, 5 y 6 de septiembre, la reanudaci\u00f3n de las actuaciones de m\u00fasica folcl\u00f3rica tras el par\u00f3n de agosto, en una programaci\u00f3n organizada por Turismo LPA del Ayuntamiento de Las Palmas de Gran Canaria.<\/strong><\/p>\n<p>En la Plaza de Espa\u00f1a, las actuaciones se celebran los s\u00e1bados cada dos semanas, de 11:00 a 12:30 horas, con acceso libre y aforo para unas 180 personas. Este s\u00e1bado 5 de septiembre actuar\u00e1n las agrupaciones Granero y Jarana, Siete Orillas y Parranda Guanarteme, junto a demostraciones de deportes tradicionales de la asociaci\u00f3n La Revoli\u00e1. El s\u00e1bado 19 de septiembre lo har\u00e1n Parranderos de Global, Susurros Isle\u00f1os y Molino San Borond\u00f3n.<\/p>\n<p>El Pueblo Canario retoma su cita dominical con el folclore el domingo 6 de septiembre con la Agrupaci\u00f3n Folcl\u00f3rica Chemida. La programaci\u00f3n continuar\u00e1 los domingos 13 (AF Poliguanches), 20 (AF Roque Nublo) y 27 de septiembre (nuevo pase de la AF Chemida).<\/p>\n<p>El concejal de Turismo, Pedro Quevedo, destac\u00f3 que esta iniciativa, iniciada en 2022, busca mostrar la m\u00fasica y la cultura tradicional canaria en espacios p\u00fablicos, compatibiliz\u00e1ndola con otras propuestas. \u00abEs una experiencia que funciona, para exhibir en la calle nuestra m\u00fasica y nuestra cultura tradicional en un entorno que es punto de encuentro de referencia de la capital\u00bb, afirm\u00f3.<\/p>\n<p>Quevedo a\u00f1adi\u00f3 que la programaci\u00f3n cuenta con el asesoramiento de expertos en identidad musical y cultura tradicional para crear una experiencia centrada en la identidad canaria, dirigida tanto a residentes como a visitantes. La actividad continuar\u00e1 todos los fines de semana del a\u00f1o.<\/p>\n","protected":false},"excerpt":{"rendered":"<p>Las agrupaciones y sus cuerpos de baile difunden la identidad musical de las islas en una programaci\u00f3n anual organizada por Turismo LPA del Ayuntamiento de Las Palmas de Gran Canaria&hellip;<\/p>\n","protected":false},"author":1,"featured_media":19329,"comment_status":"open","ping_status":"open","sticky":false,"template":"","format":"standard","meta":{"wpai_generated_summary":"","wpai_meta_description":"","footnotes":""},"categories":[132],"tags":[],"class_list":["post-19325","post","type-post","status-publish","format-standard","has-post-thumbnail","hentry","category-ayuntamiento-de-las-palmas-de-gran-canaria"],"_links":{"self":[{"href":"https:\/\/nublo.tv\/index.php\/wp-json\/wp\/v2\/posts\/19325","targetHints":{"allow":["GET"]}}],"collection":[{"href":"https:\/\/nublo.tv\/index.php\/wp-json\/wp\/v2\/posts"}],"about":[{"href":"https:\/\/nublo.tv\/index.php\/wp-json\/wp\/v2\/types\/post"}],"author":[{"embeddable":true,"href":"https:\/\/nublo.tv\/index.php\/wp-json\/wp\/v2\/users\/1"}],"replies":[{"embeddable":true,"href":"https:\/\/nublo.tv\/index.php\/wp-json\/wp\/v2\/comments?post=19325"}],"version-history":[{"count":2,"href":"https:\/\/nublo.tv\/index.php\/wp-json\/wp\/v2\/posts\/19325\/revisions"}],"predecessor-version":[{"id":19334,"href":"https:\/\/nublo.tv\/index.php\/wp-json\/wp\/v2\/posts\/19325\/revisions\/19334"}],"wp:featuredmedia":[{"embeddable":true,"href":"https:\/\/nublo.tv\/index.php\/wp-json\/wp\/v2\/media\/19329"}],"wp:attachment":[{"href":"https:\/\/nublo.tv\/index.php\/wp-json\/wp\/v2\/media?parent=19325"}],"wp:term":[{"taxonomy":"category","embeddable":true,"href":"https:\/\/nublo.tv\/index.php\/wp-json\/wp\/v2\/categories?post=19325"},{"taxonomy":"post_tag","embeddable":true,"href":"https:\/\/nublo.tv\/index.php\/wp-json\/wp\/v2\/tags?post=19325"}],"curies":[{"name":"wp","href":"https:\/\/api.w.org\/{rel}","templated":true}]}}