{"id":19339,"date":"2026-09-03T12:57:49","date_gmt":"2026-09-03T11:57:49","guid":{"rendered":"https:\/\/nublo.tv\/?p=19339"},"modified":"2026-09-03T12:57:49","modified_gmt":"2026-09-03T11:57:49","slug":"el-ayuntamiento-de-las-palmas-de-gran-canaria-otorga-22-medallas-al-merito-policial-en-2026","status":"publish","type":"post","link":"https:\/\/nublo.tv\/index.php\/2026\/09\/03\/el-ayuntamiento-de-las-palmas-de-gran-canaria-otorga-22-medallas-al-merito-policial-en-2026\/","title":{"rendered":"El Ayuntamiento de Las Palmas de Gran Canaria otorga 22 medallas al m\u00e9rito policial en 2026"},"content":{"rendered":"<p><strong>El Ayuntamiento de Las Palmas de Gran Canaria aprobar\u00e1 22 medallas al m\u00e9rito policial para 2026, entre ellas la de Oro al inspector Jorge Domingo Luz Gonz\u00e1lez, en un acto el 14 de septiembre.<\/strong><\/p>\n<p>La Junta de Gobierno del Consistorio ha aprobado la concesi\u00f3n de distinciones, recompensas y felicitaciones p\u00fablicas del Cuerpo de Polic\u00eda Local correspondiente a 2026, que incluye un total de 22 medallas.<\/p>\n<p>La Medalla de Oro al M\u00e9rito Policial ser\u00e1 para el inspector Jorge Domingo Luz Gonz\u00e1lez, en reconocimiento a su trayectoria profesional y a los servicios prestados. Luz Gonz\u00e1lez tiene una amplia preparaci\u00f3n multidisciplinar, ha participado en dispositivos de especial relevancia y ha formado a m\u00e1s de un millar de polic\u00edas de Canarias en intervenci\u00f3n y control de masas.<\/p>\n<p>Adem\u00e1s, se otorgar\u00e1n 12 Medallas de Plata al M\u00e9rito Policial a miembros de la Polic\u00eda Local: Gerardo Robaina Pacheco, Salustiano Araujo Valencia, Fernando Espinel Guti\u00e9rrez, Alexis Gonz\u00e1lez Santana, H\u00e9ctor Guti\u00e9rrez Hern\u00e1ndez, Antonio P\u00e9rez Alvarez, Iv\u00e1n Aday P\u00e9rez Betancor, Francisco Ra\u00fal Bosa Calero, Fabi\u00e1n Santana Henr\u00edquez, Arerte L\u00f3pez Cruz, Eduardo L\u00f3pez Castellano y Lorena Segura del Toro.<\/p>\n<p>Otras nueve Medallas de Plata ir\u00e1n a personas de otros cuerpos de seguridad, instituciones y \u00e1mbito civil por su colaboraci\u00f3n con la Polic\u00eda Local: Daniel Jos\u00e9 V\u00e1zquez Moreno (teniente coronel de la Guardia Civil), Diego Varela \u00c1lvarez (inspector jefe de la Polic\u00eda Nacional), Antonio Villanueva Medina (subinspector de la Polic\u00eda Nacional), Jos\u00e9 Luis Ramos Gonz\u00e1lez (subinspector de la Polic\u00eda Local de Telde), Manuel Enrique Mateo Guerra (oficial de la Polic\u00eda Nacional), Carlos S\u00e1nchez G\u00f3mez y Jos\u00e9 Crist\u00f3bal Guti\u00e9rrez Mendieta (cabos primeros de Infanter\u00eda de Marina), y Yurena Carballo Hern\u00e1ndez y Manuel Hern\u00e1ndez Ram\u00edrez (personal civil).<\/p>\n<p>Las distinciones reconocen actuaciones destacadas de la Polic\u00eda Local y la colaboraci\u00f3n de otros cuerpos y entidades con el servicio municipal de seguridad.<\/p>\n<p>El acto de imposici\u00f3n de medallas se celebrar\u00e1 el 14 de septiembre en el Espacio Cultural Jes\u00fas Arencibia (Tamaraceite), con motivo de la festividad del Cristo de la Vera Cruz, patr\u00f3n de la Polic\u00eda Local.<\/p>\n","protected":false},"excerpt":{"rendered":"<p>La Junta de Gobierno del Consistorio aprueba la propuesta de distinciones a 22 personas vinculadas a la Polic\u00eda Local, entre ellas el inspector Jorge Domingo Luz Gonz\u00e1lez, galardonado con la&hellip;<\/p>\n","protected":false},"author":1,"featured_media":19358,"comment_status":"open","ping_status":"open","sticky":false,"template":"","format":"standard","meta":{"wpai_generated_summary":"","wpai_meta_description":"","footnotes":""},"categories":[132],"tags":[],"class_list":["post-19339","post","type-post","status-publish","format-standard","has-post-thumbnail","hentry","category-ayuntamiento-de-las-palmas-de-gran-canaria"],"_links":{"self":[{"href":"https:\/\/nublo.tv\/index.php\/wp-json\/wp\/v2\/posts\/19339","targetHints":{"allow":["GET"]}}],"collection":[{"href":"https:\/\/nublo.tv\/index.php\/wp-json\/wp\/v2\/posts"}],"about":[{"href":"https:\/\/nublo.tv\/index.php\/wp-json\/wp\/v2\/types\/post"}],"author":[{"embeddable":true,"href":"https:\/\/nublo.tv\/index.php\/wp-json\/wp\/v2\/users\/1"}],"replies":[{"embeddable":true,"href":"https:\/\/nublo.tv\/index.php\/wp-json\/wp\/v2\/comments?post=19339"}],"version-history":[{"count":2,"href":"https:\/\/nublo.tv\/index.php\/wp-json\/wp\/v2\/posts\/19339\/revisions"}],"predecessor-version":[{"id":19366,"href":"https:\/\/nublo.tv\/index.php\/wp-json\/wp\/v2\/posts\/19339\/revisions\/19366"}],"wp:featuredmedia":[{"embeddable":true,"href":"https:\/\/nublo.tv\/index.php\/wp-json\/wp\/v2\/media\/19358"}],"wp:attachment":[{"href":"https:\/\/nublo.tv\/index.php\/wp-json\/wp\/v2\/media?parent=19339"}],"wp:term":[{"taxonomy":"category","embeddable":true,"href":"https:\/\/nublo.tv\/index.php\/wp-json\/wp\/v2\/categories?post=19339"},{"taxonomy":"post_tag","embeddable":true,"href":"https:\/\/nublo.tv\/index.php\/wp-json\/wp\/v2\/tags?post=19339"}],"curies":[{"name":"wp","href":"https:\/\/api.w.org\/{rel}","templated":true}]}}