{"id":19343,"date":"2026-09-03T12:57:37","date_gmt":"2026-09-03T11:57:37","guid":{"rendered":"https:\/\/nublo.tv\/?p=19343"},"modified":"2026-09-03T12:57:37","modified_gmt":"2026-09-03T11:57:37","slug":"cabildo-presentara-productos-en-la-romeria-del-pino-y-abrira-escaparate-sobre-la-vestimenta-tradicional","status":"publish","type":"post","link":"https:\/\/nublo.tv\/index.php\/2026\/09\/03\/cabildo-presentara-productos-en-la-romeria-del-pino-y-abrira-escaparate-sobre-la-vestimenta-tradicional\/","title":{"rendered":"Cabildo presentar\u00e1 productos en la Romer\u00eda del Pino y abrir\u00e1 escaparate sobre la vestimenta tradicional"},"content":{"rendered":"<p><strong>El Presidente del Cabildo de Gran Canaria, Antonio Morales, junto a la Consejera de Cultura, Guacimara Medina, y al consejero de Sector Primario, Miguel Hidalgo, presentar\u00e1n los productos que la Corporaci\u00f3n Insular llevar\u00e1 en su carreta tradicional en la 74\u00aa edici\u00f3n de la Romer\u00eda Ofrenda a Ntra. Sra. del Pino, que se celebrar\u00e1 en Teror el 7 de septiembre, y el escaparate alusivo a la vestimenta tradicional que se mostrar\u00e1 en la sede institucional del Cabildo con motivo de las Fiestas del Pino 2026.<\/strong><\/p>\n<p>El evento se realizar\u00e1 el viernes 4 de septiembre a las 10.30 en la fachada del Cabildo de Gran Canaria.<\/p>\n","protected":false},"excerpt":{"rendered":"<p>Presentaci\u00f3n de los productos que el Cabildo portar\u00e1 en su carreta en la 74\u00ba edici\u00f3n de la Romer\u00eda-Ofrenda del Pino e inauguraci\u00f3n del escaparate alusivo a la vestimenta tradicional &nbsp;&hellip;<\/p>\n","protected":false},"author":1,"featured_media":19344,"comment_status":"open","ping_status":"open","sticky":false,"template":"","format":"standard","meta":{"wpai_generated_summary":"","wpai_meta_description":"","footnotes":""},"categories":[148],"tags":[],"class_list":["post-19343","post","type-post","status-publish","format-standard","has-post-thumbnail","hentry","category-cabildo-de-gran-canaria"],"_links":{"self":[{"href":"https:\/\/nublo.tv\/index.php\/wp-json\/wp\/v2\/posts\/19343","targetHints":{"allow":["GET"]}}],"collection":[{"href":"https:\/\/nublo.tv\/index.php\/wp-json\/wp\/v2\/posts"}],"about":[{"href":"https:\/\/nublo.tv\/index.php\/wp-json\/wp\/v2\/types\/post"}],"author":[{"embeddable":true,"href":"https:\/\/nublo.tv\/index.php\/wp-json\/wp\/v2\/users\/1"}],"replies":[{"embeddable":true,"href":"https:\/\/nublo.tv\/index.php\/wp-json\/wp\/v2\/comments?post=19343"}],"version-history":[{"count":2,"href":"https:\/\/nublo.tv\/index.php\/wp-json\/wp\/v2\/posts\/19343\/revisions"}],"predecessor-version":[{"id":19364,"href":"https:\/\/nublo.tv\/index.php\/wp-json\/wp\/v2\/posts\/19343\/revisions\/19364"}],"wp:featuredmedia":[{"embeddable":true,"href":"https:\/\/nublo.tv\/index.php\/wp-json\/wp\/v2\/media\/19344"}],"wp:attachment":[{"href":"https:\/\/nublo.tv\/index.php\/wp-json\/wp\/v2\/media?parent=19343"}],"wp:term":[{"taxonomy":"category","embeddable":true,"href":"https:\/\/nublo.tv\/index.php\/wp-json\/wp\/v2\/categories?post=19343"},{"taxonomy":"post_tag","embeddable":true,"href":"https:\/\/nublo.tv\/index.php\/wp-json\/wp\/v2\/tags?post=19343"}],"curies":[{"name":"wp","href":"https:\/\/api.w.org\/{rel}","templated":true}]}}