{"id":19349,"date":"2026-09-03T12:57:31","date_gmt":"2026-09-03T11:57:31","guid":{"rendered":"https:\/\/nublo.tv\/?p=19349"},"modified":"2026-09-03T12:57:31","modified_gmt":"2026-09-03T11:57:31","slug":"gran-canaria-acoge-una-nueva-edicion-del-campus-internacional-jovenes-por-la-defensa-de-la-herencia-amazig","status":"publish","type":"post","link":"https:\/\/nublo.tv\/index.php\/2026\/09\/03\/gran-canaria-acoge-una-nueva-edicion-del-campus-internacional-jovenes-por-la-defensa-de-la-herencia-amazig\/","title":{"rendered":"Gran Canaria acoge una nueva edici\u00f3n del Campus Internacional \u00abJ\u00f3venes por la Defensa de la Herencia Amazig\u00bb"},"content":{"rendered":"<p><strong>El Instituto de Patrimonio Mundial y Reserva de la Biosfera del Cabildo de Gran Canaria celebra hasta el pr\u00f3ximo 7 de septiembre una nueva edici\u00f3n del Campus Internacional de Voluntariado UNESCO \u00abJ\u00f3venes por la Defensa de la Herencia Amazig\u00bb, un encuentro que re\u00fane en el Paisaje Cultural de Risco Ca\u00eddo y las Monta\u00f1as Sagradas a participantes mayores de 18 a\u00f1os procedentes de Canarias y de distintos pa\u00edses vinculados a esta cultura.<\/strong><\/p>\n<p>El Centro de Interpretaci\u00f3n de Degollada de Becerra, ubicado en Tejeda, acoge tanto la sede del campus como el alojamiento de los participantes, permitiendo una inmersi\u00f3n directa en el entorno y en los valores culturales y naturales del territorio.<\/p>\n<p>Las actividades comenzaron el pasado lunes con una aproximaci\u00f3n al territorio y la charla \u00abLegado de la cultura amazig\u00bb, a cargo del arque\u00f3logo Pedro J. Sosa. La programaci\u00f3n incluye talleres impartidos por artesanos y habitantes de la cumbre, encuentros con especialistas, sesiones formativas, visitas y diversas acciones de voluntariado y sensibilizaci\u00f3n.<\/p>\n<p>La iniciativa cuenta con un enfoque multidisciplinar que aborda la herencia amazig a trav\u00e9s de especialistas en arqueolog\u00eda, antropolog\u00eda, historia, ling\u00fc\u00edstica, patrimonio cultural, conservaci\u00f3n y restauraci\u00f3n. A estas \u00e1reas se suman perfiles procedentes de Bellas Artes, Arte Dram\u00e1tico, Periodismo, Comunicaci\u00f3n Audiovisual, Educaci\u00f3n, Biolog\u00eda, Psicolog\u00eda, Estad\u00edstica, Matem\u00e1ticas, Estudios Europeos, Derecho y Econom\u00eda.<\/p>\n<p>El proyecto se desarrolla en el marco del programa World Heritage Volunteers (WHV) de la UNESCO, al que el Instituto insular se incorpor\u00f3 en 2022. Esta red internacional, creada en 2008, promueve la implicaci\u00f3n de la juventud en la protecci\u00f3n, conservaci\u00f3n y difusi\u00f3n de los bienes inscritos en la Lista del Patrimonio Mundial y en las Reservas de la Biosfera.<\/p>\n","protected":false},"excerpt":{"rendered":"<p>Inmersi\u00f3n en el Patrimonio Mundial con el Campus Internacional \u2018J\u00f3venes por la Defensa de la Herencia Amazig\u2019 del Cabildo de Gran Canaria La iniciativa re\u00fane hasta el 7 de septiembre&hellip;<\/p>\n","protected":false},"author":1,"featured_media":19352,"comment_status":"open","ping_status":"open","sticky":false,"template":"","format":"standard","meta":{"wpai_generated_summary":"","wpai_meta_description":"","footnotes":""},"categories":[148],"tags":[],"class_list":["post-19349","post","type-post","status-publish","format-standard","has-post-thumbnail","hentry","category-cabildo-de-gran-canaria"],"_links":{"self":[{"href":"https:\/\/nublo.tv\/index.php\/wp-json\/wp\/v2\/posts\/19349","targetHints":{"allow":["GET"]}}],"collection":[{"href":"https:\/\/nublo.tv\/index.php\/wp-json\/wp\/v2\/posts"}],"about":[{"href":"https:\/\/nublo.tv\/index.php\/wp-json\/wp\/v2\/types\/post"}],"author":[{"embeddable":true,"href":"https:\/\/nublo.tv\/index.php\/wp-json\/wp\/v2\/users\/1"}],"replies":[{"embeddable":true,"href":"https:\/\/nublo.tv\/index.php\/wp-json\/wp\/v2\/comments?post=19349"}],"version-history":[{"count":3,"href":"https:\/\/nublo.tv\/index.php\/wp-json\/wp\/v2\/posts\/19349\/revisions"}],"predecessor-version":[{"id":19363,"href":"https:\/\/nublo.tv\/index.php\/wp-json\/wp\/v2\/posts\/19349\/revisions\/19363"}],"wp:featuredmedia":[{"embeddable":true,"href":"https:\/\/nublo.tv\/index.php\/wp-json\/wp\/v2\/media\/19352"}],"wp:attachment":[{"href":"https:\/\/nublo.tv\/index.php\/wp-json\/wp\/v2\/media?parent=19349"}],"wp:term":[{"taxonomy":"category","embeddable":true,"href":"https:\/\/nublo.tv\/index.php\/wp-json\/wp\/v2\/categories?post=19349"},{"taxonomy":"post_tag","embeddable":true,"href":"https:\/\/nublo.tv\/index.php\/wp-json\/wp\/v2\/tags?post=19349"}],"curies":[{"name":"wp","href":"https:\/\/api.w.org\/{rel}","templated":true}]}}