{"id":19377,"date":"2026-09-03T16:38:40","date_gmt":"2026-09-03T15:38:40","guid":{"rendered":"https:\/\/nublo.tv\/?p=19377"},"modified":"2026-09-03T16:38:40","modified_gmt":"2026-09-03T15:38:40","slug":"el-ayuntamiento-licita-por-55-millones-la-transformacion-urbana-de-la-carretera-de-almatriche","status":"publish","type":"post","link":"https:\/\/nublo.tv\/index.php\/2026\/09\/03\/el-ayuntamiento-licita-por-55-millones-la-transformacion-urbana-de-la-carretera-de-almatriche\/","title":{"rendered":"El Ayuntamiento licita por 5,5 millones la transformaci\u00f3n urbana de la carretera de Almatriche"},"content":{"rendered":"<p><strong>El Ayuntamiento de Las Palmas de Gran Canaria ha sacado a licitaci\u00f3n las obras de transformaci\u00f3n urbana de la carretera de Almatriche, con un presupuesto de 5.536.449,64 euros financiados por el FDCAN, para mejorar la seguridad y accesibilidad peatonal y renovar los servicios p\u00fablicos.<\/strong><\/p>\n<p>La Junta de Gobierno aprob\u00f3 este jueves los pliegos y el expediente de contrataci\u00f3n, dividido en dos lotes. El Lote 1, con un presupuesto de 3.276.115,11 euros, transformar\u00e1 el tramo de Almatriche Bajo (entre la GC-3 y el acceso a Fuente Morales), mientras que el Lote 2, de 2.260.334,53 euros, mejorar\u00e1 la seguridad vial y conservaci\u00f3n de Almatriche Alto (entre la GC-310 y Fuente Morales). Ambos tendr\u00e1n un plazo de ejecuci\u00f3n de 11 meses.<\/p>\n<p>El concejal de Planificaci\u00f3n, Desarrollo Urbano y Vivienda, Mauricio Roque, destac\u00f3 que la actuaci\u00f3n responde a una demanda hist\u00f3rica de los vecinos para desplazarse con mayor seguridad, especialmente a pie, en una v\u00eda con tramos sin aceras o con espacios peatonales insuficientes. Roque subray\u00f3 que el proyecto no solo renovar\u00e1 el firme, sino que adaptar\u00e1 el espacio a las necesidades urbanas, ganar\u00e1 superficie para peatones, mejorar\u00e1 la accesibilidad y renovar\u00e1 servicios b\u00e1sicos.<\/p>\n<p>El Lote 1, sobre 25.000 metros cuadrados, incluye nuevos recorridos peatonales con una franja m\u00ednima de 1,80 metros, un \u00fanico carril de subida de 3,30 metros, una zona de 2,50 metros para aparcamiento y carga\/descarga (con reserva para una farmacia), una plaza con bancos y p\u00e9rgolas, y la renovaci\u00f3n de redes de saneamiento, pluviales, abastecimiento, contraincendios, telecomunicaciones, riego, jardiner\u00eda y alumbrado p\u00fablico (con luminarias LED). Tambi\u00e9n se instalar\u00e1n siete nuevos hidrantes y se mejorar\u00e1n las evacuaciones de aguas para evitar inundaciones en las zonas bajas de la UA-52.<\/p>\n<p>El proyecto presta especial atenci\u00f3n a la accesibilidad, con soluciones espec\u00edficas en puntos con diferencias de cota, como las viviendas de los n\u00fameros 42 y 46, situadas por debajo de la rasante.<\/p>\n<p>El Lote 2, sobre 10.000 metros cuadrados, mantendr\u00e1 la configuraci\u00f3n actual de la v\u00eda, centrado en la reposici\u00f3n del firme, se\u00f1alizaci\u00f3n, seguridad vial y mejora de aceras e itinerarios peatonales donde las condiciones lo permitan. Tambi\u00e9n renovar\u00e1 redes de saneamiento, pluviales, abastecimiento y contraincendios, y sustituir\u00e1 las luminarias por tecnolog\u00eda LED.<\/p>\n<p>En julio de 2025, la alcaldesa present\u00f3 el proyecto a vecinos y representantes vecinales, destacando que permitir\u00eda ganar espacio para peatones, mejorar la seguridad vial y peatonal, renovar la calzada y los servicios p\u00fablicos y reordenar la circulaci\u00f3n.<\/p>\n<p>El expediente ya est\u00e1 publicado en la Plataforma de Contrataci\u00f3n del Sector P\u00fablico, donde las empresas podr\u00e1n presentar ofertas hasta el 29 de septiembre a las 14:00 horas a trav\u00e9s del enlace <a href=\"https:\/\/contrataciondelestado.es\/wps\/poc?uri=deeplink:detalle_licitacion&amp;idEvl=Etc8vX3JNtvkY6rls5tG9A%3D%3D\" target=\"_blank\" rel=\"noopener\">https:\/\/contrataciondelestado.es\/wps\/poc?uri=deeplink:detalle_licitacion&amp;idEvl=Etc8vX3JNtvkY6rls5tG9A%3D%3D<\/a>.<\/p>\n<p>Complementariamente, el Ayuntamiento ha iniciado las obras del enlace que permitir\u00e1 el futuro desdoblamiento de la carretera de Almatriche, adjudicadas por 933.000 euros y financiadas por el Plan de Cooperaci\u00f3n del Cabildo de Gran Canaria. Este proyecto, sobre 4.500 metros cuadrados, prolongar\u00e1 la calle Juan Hidalgo con un nuevo vial de 140 metros, con aceras accesibles, calzadas y redes de servicios, constituyendo el primer paso para la reordenaci\u00f3n viaria del entorno.<\/p>\n","protected":false},"excerpt":{"rendered":"<p>La actuaci\u00f3n, financiada con cargo al FDCAN, permitir\u00e1 mejorar la seguridad y accesibilidad peatonal y renovar los servicios p\u00fablicos de la v\u00eda El proyecto se divide en dos lotes para&hellip;<\/p>\n","protected":false},"author":1,"featured_media":19400,"comment_status":"open","ping_status":"open","sticky":false,"template":"","format":"standard","meta":{"wpai_generated_summary":"","wpai_meta_description":"","footnotes":""},"categories":[132],"tags":[],"class_list":["post-19377","post","type-post","status-publish","format-standard","has-post-thumbnail","hentry","category-ayuntamiento-de-las-palmas-de-gran-canaria"],"_links":{"self":[{"href":"https:\/\/nublo.tv\/index.php\/wp-json\/wp\/v2\/posts\/19377","targetHints":{"allow":["GET"]}}],"collection":[{"href":"https:\/\/nublo.tv\/index.php\/wp-json\/wp\/v2\/posts"}],"about":[{"href":"https:\/\/nublo.tv\/index.php\/wp-json\/wp\/v2\/types\/post"}],"author":[{"embeddable":true,"href":"https:\/\/nublo.tv\/index.php\/wp-json\/wp\/v2\/users\/1"}],"replies":[{"embeddable":true,"href":"https:\/\/nublo.tv\/index.php\/wp-json\/wp\/v2\/comments?post=19377"}],"version-history":[{"count":2,"href":"https:\/\/nublo.tv\/index.php\/wp-json\/wp\/v2\/posts\/19377\/revisions"}],"predecessor-version":[{"id":19418,"href":"https:\/\/nublo.tv\/index.php\/wp-json\/wp\/v2\/posts\/19377\/revisions\/19418"}],"wp:featuredmedia":[{"embeddable":true,"href":"https:\/\/nublo.tv\/index.php\/wp-json\/wp\/v2\/media\/19400"}],"wp:attachment":[{"href":"https:\/\/nublo.tv\/index.php\/wp-json\/wp\/v2\/media?parent=19377"}],"wp:term":[{"taxonomy":"category","embeddable":true,"href":"https:\/\/nublo.tv\/index.php\/wp-json\/wp\/v2\/categories?post=19377"},{"taxonomy":"post_tag","embeddable":true,"href":"https:\/\/nublo.tv\/index.php\/wp-json\/wp\/v2\/tags?post=19377"}],"curies":[{"name":"wp","href":"https:\/\/api.w.org\/{rel}","templated":true}]}}