{"id":19379,"date":"2026-09-03T16:38:35","date_gmt":"2026-09-03T15:38:35","guid":{"rendered":"https:\/\/nublo.tv\/?p=19379"},"modified":"2026-09-03T16:38:35","modified_gmt":"2026-09-03T15:38:35","slug":"junta-de-gobierno-aprueba-modificaciones-al-contrato-de-mantenimiento-de-parques-y-jardines","status":"publish","type":"post","link":"https:\/\/nublo.tv\/index.php\/2026\/09\/03\/junta-de-gobierno-aprueba-modificaciones-al-contrato-de-mantenimiento-de-parques-y-jardines\/","title":{"rendered":"Junta de Gobierno aprueba modificaciones al contrato de mantenimiento de parques y jardines"},"content":{"rendered":"<p><strong>La Junta de Gobierno Local de Las Palmas de Gran Canaria aprob\u00f3 las modificaciones al pliego del contrato de mantenimiento y conservaci\u00f3n de espacios verdes, lo que permitir\u00e1 su publicaci\u00f3n en la Plataforma de Contrataci\u00f3n y la apertura de un periodo de 30 d\u00edas para la presentaci\u00f3n de ofertas.<\/strong><\/p>\n<p>El contrato, cuyo valor supera los 96 millones de euros, cubre el cuidado de 265 hect\u00e1reas de zonas verdes y 61\u202f205 \u00e1rboles y palmeras durante los pr\u00f3ximos cuatro a\u00f1os.<\/p>\n<p>La revisi\u00f3n se realiz\u00f3 tras la resoluci\u00f3n de 45 preguntas recibidas durante el periodo de consultas previsto en la Ley de Contratos del Sector P\u00fablico. El Ayuntamiento respondi\u00f3 a todas las cuestiones en menos de 15 d\u00edas y a\u00f1adi\u00f3 nuevas cl\u00e1usulas sociales, laborales, ambientales y de calidad del servicio.<\/p>\n<p>Gemma Mart\u00ednez Soli\u00f1o, concejala de Desarrollo Estrat\u00e9gico, Sostenibilidad, Energ\u00eda y Parques y Jardines, afirm\u00f3 que \u00abtrabajamos con el m\u00e1ximo rigor t\u00e9cnico y estamos dando ejemplo de ello: hemos dado respuesta \u00e1gil y solvente a las dudas planteadas por el sector pero a la vez hemos reforzado las garant\u00edas del procedimiento\u00bb y a\u00f1adi\u00f3 que el contrato exige \u00abprecisi\u00f3n y capacidad de escucha, tanto en el dise\u00f1o, que nos llev\u00f3 a incorporar nuevas cl\u00e1usulas sociales, laborales, ambientales y de cuidado verde, como en el proceso de licitaci\u00f3n\u00bb.<\/p>\n<p>El proceso se suspendi\u00f3 cautelarmente el pasado 21 de agosto y, con la aprobaci\u00f3n de las modificaciones, se reabre para que las empresas presenten sus ofertas en el plazo de 30 d\u00edas que comenzar\u00e1 con la publicaci\u00f3n de los pliegos en la plataforma.<\/p>\n<p>El contrato, gestionado por el Servicio de Infraestructuras Verdes, se divide en tres lotes: dos de 47,5 y 47,8 millones de euros para el mantenimiento integral de los espacios verdes y un nuevo lote de 1,3 millones de euros que supervisa la calidad del servicio y ofrece asesoramiento t\u00e9cnico especializado.<\/p>\n<p>Las empresas no pueden prestar el servicio en m\u00e1s de un lote. La licitaci\u00f3n exige un m\u00ednimo de 331 trabajadores, incluyendo al menos 22 oficiales de jardiner\u00eda y 23 jardineros en los lotes 1 y 2, y la incorporaci\u00f3n de profesionales certificados en arboricultura para la gesti\u00f3n del arbolado urbano.<\/p>\n<p>Adem\u00e1s, el contrato incluye cl\u00e1usulas de contrataci\u00f3n p\u00fablica responsable que fomentan el empleo de personas en situaci\u00f3n de vulnerabilidad y criterios medioambientales.<\/p>\n<p>Durante la presentaci\u00f3n en agosto, Mart\u00ednez Soli\u00f1o explic\u00f3 que \u00abesta licitaci\u00f3n es el instrumento para desarrollar el Plan Director del Arbolado Urbano y alcanzar la ciudad m\u00e1s verde y resiliente que queremos, con m\u00e1s infraestructuras verdes, mejor atenci\u00f3n a la salud del arbolado y m\u00e1s eficiencia en el uso de los recursos\u00bb.<\/p>\n","protected":false},"excerpt":{"rendered":"<p>La nueva documentaci\u00f3n t\u00e9cnica y administrativa aclara cuestiones no sustanciales detectadas durante el periodo de consultas a licitadoresEl pliego de m\u00e1s de 96 millones de euros volver\u00e1 a la plataforma&hellip;<\/p>\n","protected":false},"author":1,"featured_media":19398,"comment_status":"open","ping_status":"open","sticky":false,"template":"","format":"standard","meta":{"wpai_generated_summary":"","wpai_meta_description":"","footnotes":""},"categories":[132],"tags":[],"class_list":["post-19379","post","type-post","status-publish","format-standard","has-post-thumbnail","hentry","category-ayuntamiento-de-las-palmas-de-gran-canaria"],"_links":{"self":[{"href":"https:\/\/nublo.tv\/index.php\/wp-json\/wp\/v2\/posts\/19379","targetHints":{"allow":["GET"]}}],"collection":[{"href":"https:\/\/nublo.tv\/index.php\/wp-json\/wp\/v2\/posts"}],"about":[{"href":"https:\/\/nublo.tv\/index.php\/wp-json\/wp\/v2\/types\/post"}],"author":[{"embeddable":true,"href":"https:\/\/nublo.tv\/index.php\/wp-json\/wp\/v2\/users\/1"}],"replies":[{"embeddable":true,"href":"https:\/\/nublo.tv\/index.php\/wp-json\/wp\/v2\/comments?post=19379"}],"version-history":[{"count":2,"href":"https:\/\/nublo.tv\/index.php\/wp-json\/wp\/v2\/posts\/19379\/revisions"}],"predecessor-version":[{"id":19417,"href":"https:\/\/nublo.tv\/index.php\/wp-json\/wp\/v2\/posts\/19379\/revisions\/19417"}],"wp:featuredmedia":[{"embeddable":true,"href":"https:\/\/nublo.tv\/index.php\/wp-json\/wp\/v2\/media\/19398"}],"wp:attachment":[{"href":"https:\/\/nublo.tv\/index.php\/wp-json\/wp\/v2\/media?parent=19379"}],"wp:term":[{"taxonomy":"category","embeddable":true,"href":"https:\/\/nublo.tv\/index.php\/wp-json\/wp\/v2\/categories?post=19379"},{"taxonomy":"post_tag","embeddable":true,"href":"https:\/\/nublo.tv\/index.php\/wp-json\/wp\/v2\/tags?post=19379"}],"curies":[{"name":"wp","href":"https:\/\/api.w.org\/{rel}","templated":true}]}}