{"id":19383,"date":"2026-09-03T16:39:14","date_gmt":"2026-09-03T15:39:14","guid":{"rendered":"https:\/\/nublo.tv\/?p=19383"},"modified":"2026-09-03T16:39:14","modified_gmt":"2026-09-03T15:39:14","slug":"el-parque-de-sintes-reabre-este-viernes-en-teror-con-los-tardeos-del-pino","status":"publish","type":"post","link":"https:\/\/nublo.tv\/index.php\/2026\/09\/03\/el-parque-de-sintes-reabre-este-viernes-en-teror-con-los-tardeos-del-pino\/","title":{"rendered":"El Parque de Sintes reabre este viernes en Teror con los \u2018Tardeos del Pino\u2019"},"content":{"rendered":"<p><strong>El Ayuntamiento de Teror reabre este viernes 4 de septiembre el Parque de Sintes, cerrado desde 2002, con el estreno de los \u2018Tardeos del Pino\u2019, un nuevo espacio festivo con m\u00fasica en directo.<\/strong><\/p>\n<p>El recinto natural, ubicado en el casco de Teror, abrir\u00e1 todos los d\u00edas de 9:00 a 18:00 horas, salvo el 7 y 8 de septiembre, que permanecer\u00e1 cerrado por las fiestas.<\/p>\n<p>Los \u2018Tardeos del Pino\u2019 se celebrar\u00e1n los d\u00edas 4, 6, 11 y 18 de septiembre, de 18:00 a 20:30 horas, con acceso libre desde la calle Santiago Rivero. Cada sesi\u00f3n incluir\u00e1 m\u00fasica en directo a las 19:00 horas y ambiente chill-out, con chiringuito.<\/p>\n<p>El programa musical contar\u00e1 con las actuaciones de \u2018Caf\u00e9 de Luna\u2019 (4 de septiembre), Qu\u00e9 Chimba (6 de septiembre), Tata Band (11 de septiembre) y Kilombo improvisado (18 de septiembre).<\/p>\n<p><a href=\"https:\/\/teror.es\/wp-content\/uploads\/2026\/09\/3S_PARQUE-SINTES5.jpeg\"><img loading=\"lazy\" decoding=\"async\" class=\"alignright size-vp_sm wp-image-99602\" src=\"https:\/\/teror.es\/wp-content\/uploads\/2026\/09\/3S_PARQUE-SINTES5-500x281.jpeg\" alt=\"\" width=\"500\" height=\"281\" \/><\/a><a href=\"https:\/\/teror.es\/wp-content\/uploads\/2026\/09\/3S_PARQUE-SINTES4.jpeg\"><img loading=\"lazy\" decoding=\"async\" class=\"alignright size-vp_sm wp-image-99601\" src=\"https:\/\/teror.es\/wp-content\/uploads\/2026\/09\/3S_PARQUE-SINTES4-500x281.jpeg\" alt=\"\" width=\"500\" height=\"281\" \/><\/a><a href=\"https:\/\/teror.es\/wp-content\/uploads\/2026\/09\/3S_PARQUE-SINTES6.jpeg\"><img loading=\"lazy\" decoding=\"async\" class=\"alignright size-vp_sm wp-image-99603\" src=\"https:\/\/teror.es\/wp-content\/uploads\/2026\/09\/3S_PARQUE-SINTES6-500x282.jpeg\" alt=\"\" width=\"500\" height=\"282\" \/><\/a><a href=\"https:\/\/teror.es\/wp-content\/uploads\/2026\/09\/3S_PARQUE-SINTES1.jpeg\"><img loading=\"lazy\" decoding=\"async\" class=\"alignright size-vp_sm wp-image-99604\" src=\"https:\/\/teror.es\/wp-content\/uploads\/2026\/09\/3S_PARQUE-SINTES1-500x282.jpeg\" alt=\"\" width=\"500\" height=\"282\" \/><\/a><\/p>\n<p>El Parque de Sintes, ahora reabierto, ofrece espacios para el ocio diurno, como pasear, leer o comer, con acceso libre desde la Avenida N\u00e9stor \u00c1lamo y la calle Santiago Rivero, siempre por los senderos habilitados.<\/p>\n<p>Quedan prohibidas en el recinto las siguientes acciones: encender fuego o realizar quemas; fumar; celebrar fiestas o eventos; usar m\u00fasica o altavoces; da\u00f1ar la vegetaci\u00f3n o elementos naturales; acceder o estacionar patinetes y bicicletas; y dejar excrementos de animales. El acceso de mascotas est\u00e1 permitido bajo control de sus responsables.<\/p>\n<p>Las obras de adecuaci\u00f3n, ejecutadas por la Concejal\u00eda de Parques y Jardines y la Oficina T\u00e9cnica municipal, han incluido la instalaci\u00f3n de mobiliario urbano adaptado, mejora de la seguridad en los senderos con vallado de madera, retirada de estructuras obsoletas y actuaciones paisaj\u00edsticas.<\/p>\n<p>El proyecto, financiado por la Consejer\u00eda de Presidencia y Movilidad Sostenible del Cabildo de Gran Canaria con 23.706 euros, se solicit\u00f3 en marzo de 2025.<\/p>\n","protected":false},"excerpt":{"rendered":"<p>El recinto natural ubicado en el Casco de Teror abrir\u00e1 todos los d\u00edas en horario de 9:00 a 18:00 horas. Los \u2018Tardeos del Pino\u2019 se realizar\u00e1n los d\u00edas 4, 6,&hellip;<\/p>\n","protected":false},"author":1,"featured_media":19412,"comment_status":"open","ping_status":"open","sticky":false,"template":"","format":"standard","meta":{"wpai_generated_summary":"","wpai_meta_description":"","footnotes":""},"categories":[141],"tags":[],"class_list":["post-19383","post","type-post","status-publish","format-standard","has-post-thumbnail","hentry","category-ayuntamiento-de-teror"],"_links":{"self":[{"href":"https:\/\/nublo.tv\/index.php\/wp-json\/wp\/v2\/posts\/19383","targetHints":{"allow":["GET"]}}],"collection":[{"href":"https:\/\/nublo.tv\/index.php\/wp-json\/wp\/v2\/posts"}],"about":[{"href":"https:\/\/nublo.tv\/index.php\/wp-json\/wp\/v2\/types\/post"}],"author":[{"embeddable":true,"href":"https:\/\/nublo.tv\/index.php\/wp-json\/wp\/v2\/users\/1"}],"replies":[{"embeddable":true,"href":"https:\/\/nublo.tv\/index.php\/wp-json\/wp\/v2\/comments?post=19383"}],"version-history":[{"count":2,"href":"https:\/\/nublo.tv\/index.php\/wp-json\/wp\/v2\/posts\/19383\/revisions"}],"predecessor-version":[{"id":19424,"href":"https:\/\/nublo.tv\/index.php\/wp-json\/wp\/v2\/posts\/19383\/revisions\/19424"}],"wp:featuredmedia":[{"embeddable":true,"href":"https:\/\/nublo.tv\/index.php\/wp-json\/wp\/v2\/media\/19412"}],"wp:attachment":[{"href":"https:\/\/nublo.tv\/index.php\/wp-json\/wp\/v2\/media?parent=19383"}],"wp:term":[{"taxonomy":"category","embeddable":true,"href":"https:\/\/nublo.tv\/index.php\/wp-json\/wp\/v2\/categories?post=19383"},{"taxonomy":"post_tag","embeddable":true,"href":"https:\/\/nublo.tv\/index.php\/wp-json\/wp\/v2\/tags?post=19383"}],"curies":[{"name":"wp","href":"https:\/\/api.w.org\/{rel}","templated":true}]}}