{"id":19385,"date":"2026-09-03T16:39:09","date_gmt":"2026-09-03T15:39:09","guid":{"rendered":"https:\/\/nublo.tv\/?p=19385"},"modified":"2026-09-03T16:39:09","modified_gmt":"2026-09-03T15:39:09","slug":"45-jovenes-de-teror-participan-en-el-campamento-islas-afortunadas-en-la-escuela-de-vela-joaquin-blanco","status":"publish","type":"post","link":"https:\/\/nublo.tv\/index.php\/2026\/09\/03\/45-jovenes-de-teror-participan-en-el-campamento-islas-afortunadas-en-la-escuela-de-vela-joaquin-blanco\/","title":{"rendered":"45 j\u00f3venes de Teror participan en el Campamento \u2018Islas Afortunadas\u2019 en la Escuela de Vela Joaqu\u00edn Blanco"},"content":{"rendered":"<p><strong>Un grupo de 45 j\u00f3venes de Teror particip\u00f3 del 24 al 28 de agosto en una nueva edici\u00f3n del Campamento Islas Afortunadas, organizado por la Concejal\u00eda de Juventud del Ayuntamiento en la Escuela de Vela Joaqu\u00edn Blanco, en el sur de Gran Canaria.<\/strong><\/p>\n<p>Durante cinco d\u00edas, los participantes disfrutaron de actividades acu\u00e1ticas, juegos y propuestas de ocio adaptadas a su edad, adem\u00e1s de compartir una experiencia de convivencia en un entorno diferente.<\/p>\n<p><a href=\"https:\/\/teror.es\/wp-content\/uploads\/2026\/09\/4.jpeg\"><img loading=\"lazy\" decoding=\"async\" class=\"alignright size-vp_sm wp-image-99615\" src=\"https:\/\/teror.es\/wp-content\/uploads\/2026\/09\/4-500x375.jpeg\" alt=\"\" width=\"500\" height=\"375\" \/><\/a> <a href=\"https:\/\/teror.es\/wp-content\/uploads\/2026\/09\/9.jpeg\"><img loading=\"lazy\" decoding=\"async\" class=\"alignright size-vp_sm wp-image-99617\" src=\"https:\/\/teror.es\/wp-content\/uploads\/2026\/09\/9-500x370.jpeg\" alt=\"\" width=\"500\" height=\"370\" \/><\/a> <a href=\"https:\/\/teror.es\/wp-content\/uploads\/2026\/09\/5.jpeg\"><img loading=\"lazy\" decoding=\"async\" class=\"alignright size-vp_sm wp-image-99616\" src=\"https:\/\/teror.es\/wp-content\/uploads\/2026\/09\/5-500x361.jpeg\" alt=\"\" width=\"500\" height=\"361\" \/><\/a><\/p>\n<p>El campamento favoreci\u00f3 la relaci\u00f3n entre j\u00f3venes del municipio y de otros puntos de la isla, con momentos compartidos, risas y nuevas amistades como parte fundamental de la experiencia.<\/p>\n<p>El concejal de Juventud e Infancia del Ayuntamiento de Teror, Mois\u00e9s Ortega, destac\u00f3 que \u00abtanto el Campamento Islas Afortunadas como el conjunto de actividades desarrolladas durante estos meses forman parte de nuestro compromiso por ofrecer a la juventud de Teror alternativas de ocio saludable, espacios de convivencia y nuevas experiencias. Queremos seguir creando propuestas que les permitan salir de la rutina, desconectar de las pantallas, relacionarse con otros j\u00f3venes y disfrutar de su tiempo libre de una manera activa y saludable, favoreciendo as\u00ed su bienestar\u00bb<\/p>\n<p>El Campamento Islas Afortunadas 2026 se suma a las diferentes actividades desarrolladas por la Concejal\u00eda de Juventud e Infancia durante el verano, que han incluido una variada oferta de ocio y experiencias para la juventud del municipio. Con esta actividad se cierra un verano en el que tambi\u00e9n se contaron con las propuestas del Proyecto NOA (Noches de Ocio Alternativo).<\/p>\n<p>La Concejal\u00eda de Juventud agradece la participaci\u00f3n de todos los j\u00f3venes en las actividades organizadas, as\u00ed como la colaboraci\u00f3n de las entidades y profesionales que hicieron posible el desarrollo de esta programaci\u00f3n.<\/p>\n","protected":false},"excerpt":{"rendered":"<p>La actividad de la Concejal\u00eda de Juventud de Teror reuni\u00f3 a 45 j\u00f3venes durante los cinco d\u00edas de convivencia y actividades en la Escuela de Vela Joaqu\u00edn Blanco. Un grupo&hellip;<\/p>\n","protected":false},"author":1,"featured_media":19410,"comment_status":"open","ping_status":"open","sticky":false,"template":"","format":"standard","meta":{"wpai_generated_summary":"","wpai_meta_description":"","footnotes":""},"categories":[141],"tags":[],"class_list":["post-19385","post","type-post","status-publish","format-standard","has-post-thumbnail","hentry","category-ayuntamiento-de-teror"],"_links":{"self":[{"href":"https:\/\/nublo.tv\/index.php\/wp-json\/wp\/v2\/posts\/19385","targetHints":{"allow":["GET"]}}],"collection":[{"href":"https:\/\/nublo.tv\/index.php\/wp-json\/wp\/v2\/posts"}],"about":[{"href":"https:\/\/nublo.tv\/index.php\/wp-json\/wp\/v2\/types\/post"}],"author":[{"embeddable":true,"href":"https:\/\/nublo.tv\/index.php\/wp-json\/wp\/v2\/users\/1"}],"replies":[{"embeddable":true,"href":"https:\/\/nublo.tv\/index.php\/wp-json\/wp\/v2\/comments?post=19385"}],"version-history":[{"count":2,"href":"https:\/\/nublo.tv\/index.php\/wp-json\/wp\/v2\/posts\/19385\/revisions"}],"predecessor-version":[{"id":19423,"href":"https:\/\/nublo.tv\/index.php\/wp-json\/wp\/v2\/posts\/19385\/revisions\/19423"}],"wp:featuredmedia":[{"embeddable":true,"href":"https:\/\/nublo.tv\/index.php\/wp-json\/wp\/v2\/media\/19410"}],"wp:attachment":[{"href":"https:\/\/nublo.tv\/index.php\/wp-json\/wp\/v2\/media?parent=19385"}],"wp:term":[{"taxonomy":"category","embeddable":true,"href":"https:\/\/nublo.tv\/index.php\/wp-json\/wp\/v2\/categories?post=19385"},{"taxonomy":"post_tag","embeddable":true,"href":"https:\/\/nublo.tv\/index.php\/wp-json\/wp\/v2\/tags?post=19385"}],"curies":[{"name":"wp","href":"https:\/\/api.w.org\/{rel}","templated":true}]}}