{"id":19387,"date":"2026-09-03T16:39:19","date_gmt":"2026-09-03T15:39:19","guid":{"rendered":"https:\/\/nublo.tv\/?p=19387"},"modified":"2026-09-03T16:39:19","modified_gmt":"2026-09-03T15:39:19","slug":"el-gobierno-de-canarias-activa-la-prealerta-por-calima-en-cuatro-islas","status":"publish","type":"post","link":"https:\/\/nublo.tv\/index.php\/2026\/09\/03\/el-gobierno-de-canarias-activa-la-prealerta-por-calima-en-cuatro-islas\/","title":{"rendered":"El Gobierno de Canarias activa la prealerta por calima en cuatro islas"},"content":{"rendered":"<p><strong>El Gobierno de Canarias ha declarado la prealerta por calima en Gran Canaria, Fuerteventura, Lanzarote y La Graciosa desde las 13:30 horas de este jueves 3 de septiembre.<\/strong><\/p>\n<p>La decisi\u00f3n se basa en los datos de la Agencia Estatal de Meteorolog\u00eda y otras fuentes, en aplicaci\u00f3n del Plan Espec\u00edfico de Emergencias de Canarias por Riesgos de Fen\u00f3menos Meteorol\u00f3gicos Adversos (PEFMA).<\/p>\n<p>Se registran concentraciones elevadas de part\u00edculas en suspensi\u00f3n de origen africano, especialmente en Fuerteventura, Lanzarote y La Graciosa, aunque tambi\u00e9n afectan a Gran Canaria. En las pr\u00f3ximas horas podr\u00edan llegar nuevas aportaciones de polvo desde \u00c1frica, lo que agravar\u00eda las concentraciones y reducir\u00eda a\u00fan m\u00e1s la visibilidad.<\/p>\n<p>El fen\u00f3meno puede afectar a la salud de personas con enfermedades cr\u00f3nicas o respiratorias. Las autoridades mantendr\u00e1n el seguimiento de la evoluci\u00f3n y de los registros de calidad del aire, sin descartar ampliar el \u00e1mbito territorial afectado.<\/p>\n<p>Se insta a la poblaci\u00f3n a seguir los <a href=\"https:\/\/www.gobiernodecanarias.org\/emergencias\/alertas\/consejos\/calima\/calima.html\" target=\"_blank\" rel=\"noopener\">siguientes\u00a0consejos de autoprotecci\u00f3n<\/a> de la Direcci\u00f3n General de Emergencias.<\/p>\n<p><a href=\"https:\/\/www3.gobiernodecanarias.org\/noticias\/wp-content\/uploads\/2026\/09\/Declaracion-52-2026-PEFMA-PA-Calima-1.pdf\">Declaraci\u00f3n 52 2026 PEFMA PA Calima<\/a><\/p>\n","protected":false},"excerpt":{"rendered":"<p>El Gobierno de Canarias, a trav\u00e9s de la Direcci\u00f3n General de Emergencias, declara la situaci\u00f3n de prealerta por calima en Gran Canaria, Fuerteventura, Lanzarote y La Graciosa, a partir de&hellip;<\/p>\n","protected":false},"author":1,"featured_media":19414,"comment_status":"open","ping_status":"open","sticky":false,"template":"","format":"standard","meta":{"wpai_generated_summary":"","wpai_meta_description":"","footnotes":""},"categories":[121],"tags":[],"class_list":["post-19387","post","type-post","status-publish","format-standard","has-post-thumbnail","hentry","category-noticias"],"_links":{"self":[{"href":"https:\/\/nublo.tv\/index.php\/wp-json\/wp\/v2\/posts\/19387","targetHints":{"allow":["GET"]}}],"collection":[{"href":"https:\/\/nublo.tv\/index.php\/wp-json\/wp\/v2\/posts"}],"about":[{"href":"https:\/\/nublo.tv\/index.php\/wp-json\/wp\/v2\/types\/post"}],"author":[{"embeddable":true,"href":"https:\/\/nublo.tv\/index.php\/wp-json\/wp\/v2\/users\/1"}],"replies":[{"embeddable":true,"href":"https:\/\/nublo.tv\/index.php\/wp-json\/wp\/v2\/comments?post=19387"}],"version-history":[{"count":2,"href":"https:\/\/nublo.tv\/index.php\/wp-json\/wp\/v2\/posts\/19387\/revisions"}],"predecessor-version":[{"id":19425,"href":"https:\/\/nublo.tv\/index.php\/wp-json\/wp\/v2\/posts\/19387\/revisions\/19425"}],"wp:featuredmedia":[{"embeddable":true,"href":"https:\/\/nublo.tv\/index.php\/wp-json\/wp\/v2\/media\/19414"}],"wp:attachment":[{"href":"https:\/\/nublo.tv\/index.php\/wp-json\/wp\/v2\/media?parent=19387"}],"wp:term":[{"taxonomy":"category","embeddable":true,"href":"https:\/\/nublo.tv\/index.php\/wp-json\/wp\/v2\/categories?post=19387"},{"taxonomy":"post_tag","embeddable":true,"href":"https:\/\/nublo.tv\/index.php\/wp-json\/wp\/v2\/tags?post=19387"}],"curies":[{"name":"wp","href":"https:\/\/api.w.org\/{rel}","templated":true}]}}