{"id":19389,"date":"2026-09-03T16:39:03","date_gmt":"2026-09-03T15:39:03","guid":{"rendered":"https:\/\/nublo.tv\/?p=19389"},"modified":"2026-09-03T16:39:03","modified_gmt":"2026-09-03T15:39:03","slug":"52-ninos-y-ninas-verseadores-ensayan-en-teror-para-la-ofrenda-del-pino-del-7-de-septiembre","status":"publish","type":"post","link":"https:\/\/nublo.tv\/index.php\/2026\/09\/03\/52-ninos-y-ninas-verseadores-ensayan-en-teror-para-la-ofrenda-del-pino-del-7-de-septiembre\/","title":{"rendered":"52 ni\u00f1os y ni\u00f1as verseadores ensayan en Teror para la Ofrenda del Pino del 7 de septiembre"},"content":{"rendered":"<p><strong>Un total de 52 ni\u00f1os y ni\u00f1as de todas las islas recitar\u00e1n d\u00e9cimas en la Ofrenda del Pino el 7 de septiembre en Teror, tras el ensayo general celebrado este mi\u00e9rcoles ante la Bas\u00edlica.<\/strong><\/p>\n<p>Los peque\u00f1os, procedentes de los 21 municipios de Gran Canaria y del resto del archipi\u00e9lago, han memorizado las estrofas dedicadas a cada isla y municipio, que se escuchar\u00e1n durante la Romer\u00eda-Ofrenda del Pino.<\/p>\n<p><a href=\"https:\/\/teror.es\/wp-content\/uploads\/2026\/09\/ninos_8-scaled.jpg\"><img loading=\"lazy\" decoding=\"async\" class=\"alignright size-vp_sm wp-image-99623\" src=\"https:\/\/teror.es\/wp-content\/uploads\/2026\/09\/ninos_8-500x333.jpg\" alt=\"\" width=\"500\" height=\"333\" \/><\/a> <a href=\"https:\/\/teror.es\/wp-content\/uploads\/2026\/09\/ninos_18-scaled.jpg\"><img loading=\"lazy\" decoding=\"async\" class=\"alignright size-vp_sm wp-image-99624\" src=\"https:\/\/teror.es\/wp-content\/uploads\/2026\/09\/ninos_18-500x333.jpg\" alt=\"\" width=\"500\" height=\"333\" \/><\/a> <a href=\"https:\/\/teror.es\/wp-content\/uploads\/2026\/09\/ninos_144-scaled.jpg\"><img loading=\"lazy\" decoding=\"async\" class=\"alignright size-vp_sm wp-image-99625\" src=\"https:\/\/teror.es\/wp-content\/uploads\/2026\/09\/ninos_144-500x333.jpg\" alt=\"\" width=\"500\" height=\"333\" \/><\/a>El ensayo general tuvo lugar este mi\u00e9rcoles 2 de septiembre ante la Bas\u00edlica del Pino, supervisado por el profesor y verseador Yeray Rodr\u00edguez, coordinador por 14\u00ba a\u00f1o consecutivo de esta iniciativa de la Fundaci\u00f3n Ochos\u00edlabas. Las d\u00e9cimas que recitar\u00e1n los ni\u00f1os y ni\u00f1as ante cada ofrenda han sido escritas por Elena Gonz\u00e1lez Tejera.<\/p>\n<p>La Fundaci\u00f3n Ochos\u00edlabas, que promueve la tradici\u00f3n verseadora canaria e hisp\u00e1nica, organiza de forma desinteresada la participaci\u00f3n de todos los menores, integrados en la Escuela Verseadora de Gran Canaria, con el apoyo de centros educativos y familias. Adem\u00e1s, gestiona la participaci\u00f3n de los invitados del resto de las islas en colaboraci\u00f3n con los municipios.<\/p>\n<p>La Escuela Verseadora de Gran Canaria se cre\u00f3 en 2018 y actualmente abarca todos los municipios de la isla. Al finalizar esta edici\u00f3n, casi 650 j\u00f3venes habr\u00e1n dejado su recuerdo rimado en la Romer\u00eda-Ofrenda del Pino.<\/p>\n","protected":false},"excerpt":{"rendered":"<p>M\u00e1s de medio centenar de peque\u00f1os\/as de todos los municipios de Gran Canaria y de las 8 islas recitar\u00e1n la d\u00e9cimas ante la Virgen del Pino el 7 de septiembre.&hellip;<\/p>\n","protected":false},"author":1,"featured_media":19408,"comment_status":"open","ping_status":"open","sticky":false,"template":"","format":"standard","meta":{"wpai_generated_summary":"","wpai_meta_description":"","footnotes":""},"categories":[141],"tags":[],"class_list":["post-19389","post","type-post","status-publish","format-standard","has-post-thumbnail","hentry","category-ayuntamiento-de-teror"],"_links":{"self":[{"href":"https:\/\/nublo.tv\/index.php\/wp-json\/wp\/v2\/posts\/19389","targetHints":{"allow":["GET"]}}],"collection":[{"href":"https:\/\/nublo.tv\/index.php\/wp-json\/wp\/v2\/posts"}],"about":[{"href":"https:\/\/nublo.tv\/index.php\/wp-json\/wp\/v2\/types\/post"}],"author":[{"embeddable":true,"href":"https:\/\/nublo.tv\/index.php\/wp-json\/wp\/v2\/users\/1"}],"replies":[{"embeddable":true,"href":"https:\/\/nublo.tv\/index.php\/wp-json\/wp\/v2\/comments?post=19389"}],"version-history":[{"count":2,"href":"https:\/\/nublo.tv\/index.php\/wp-json\/wp\/v2\/posts\/19389\/revisions"}],"predecessor-version":[{"id":19422,"href":"https:\/\/nublo.tv\/index.php\/wp-json\/wp\/v2\/posts\/19389\/revisions\/19422"}],"wp:featuredmedia":[{"embeddable":true,"href":"https:\/\/nublo.tv\/index.php\/wp-json\/wp\/v2\/media\/19408"}],"wp:attachment":[{"href":"https:\/\/nublo.tv\/index.php\/wp-json\/wp\/v2\/media?parent=19389"}],"wp:term":[{"taxonomy":"category","embeddable":true,"href":"https:\/\/nublo.tv\/index.php\/wp-json\/wp\/v2\/categories?post=19389"},{"taxonomy":"post_tag","embeddable":true,"href":"https:\/\/nublo.tv\/index.php\/wp-json\/wp\/v2\/tags?post=19389"}],"curies":[{"name":"wp","href":"https:\/\/api.w.org\/{rel}","templated":true}]}}