{"id":19391,"date":"2026-09-03T16:38:28","date_gmt":"2026-09-03T15:38:28","guid":{"rendered":"https:\/\/nublo.tv\/?p=19391"},"modified":"2026-09-03T16:38:28","modified_gmt":"2026-09-03T15:38:28","slug":"el-cabildo-de-gran-canaria-ejecuta-nuevas-instalaciones-de-energia-solar-y-almacenamiento-en-cuatro-municipios","status":"publish","type":"post","link":"https:\/\/nublo.tv\/index.php\/2026\/09\/03\/el-cabildo-de-gran-canaria-ejecuta-nuevas-instalaciones-de-energia-solar-y-almacenamiento-en-cuatro-municipios\/","title":{"rendered":"El Cabildo de Gran Canaria ejecuta nuevas instalaciones de energ\u00eda solar y almacenamiento en cuatro municipios"},"content":{"rendered":"<p><strong>El Cabildo de Gran Canaria, mediante el Consejo Insular de la Energ\u00eda (CIEGC), avanza en la ejecuci\u00f3n de varias instalaciones de generaci\u00f3n fotovoltaica, almacenamiento con bater\u00edas y puntos de recarga el\u00e9ctrica situadas en espacios p\u00fablicos de la Vega de San Mateo, Telde, Ag\u00fcimes y San Bartolom\u00e9 de Tirajana.<\/strong><\/p>\n<p>El consejero insular de Medio Ambiente, Clima, Energ\u00eda y Conocimiento, Ra\u00fal Garc\u00eda Brink, ha visitado los distintos trabajos en marcha junto a representantes de las corporaciones locales de los cuatro municipios afectados.<\/p>\n<p>En la Vega de San Mateo, la actuaci\u00f3n se centra en la cancha del CEIP Profesor Rafael G\u00f3mez Santos, donde se instala una cubierta fotovoltaica de 233 kWp junto a bater\u00edas de almacenamiento. Esta infraestructura proporcionar\u00e1 sombra al alumnado y se integrar\u00e1 en la futura Comunidad Energ\u00e9tica de San Mateo.<\/p>\n<p>En el municipio de Telde, concretamente en La Garita, los cinco puntos de recarga el\u00e9ctrica existentes se complementar\u00e1n con una instalaci\u00f3n fotovoltaica sobre marquesinas y almacenamiento para autoconsumo. El sistema dispondr\u00e1 de 174 m\u00f3dulos solares de 585 Wp, lo que sumar\u00e1 una potencia pico de 101,8 kWp y una producci\u00f3n estimada de 189.773 kWh al a\u00f1o.<\/p>\n<p>Por su parte, en el Pol\u00edgono Industrial de Arinaga (Ag\u00fcimes) se desarrollan dos plantas solares de 400 kW con almacenamiento de 4 MWh, as\u00ed como otras dos plantas de 240 kW con 2 MWh de almacenamiento en bater\u00edas, vinculadas a la Comunidad Energ\u00e9tica de Arinaga.<\/p>\n<p>Por \u00faltimo, en el sur de la isla avanzan las obras en el aparcamiento del Centro de Salud de Maspalomas (San Bartolom\u00e9 de Tirajana). En este recinto se instala una planta fotovoltaica sobre marquesinas de 236 kW de potencia, equipada con sistema de bater\u00edas y con una producci\u00f3n anual prevista de 475.423 kWh.<\/p>\n<p>Garc\u00eda Brink destac\u00f3 que estas infraestructuras suponen un avance para extender las energ\u00edas renovables a todos los municipios, reducir la dependencia de los combustibles f\u00f3siles y acercar los beneficios de las energ\u00edas limpias a la cin\u00eda.<\/p>\n","protected":false},"excerpt":{"rendered":"<p>El Cabildo avanza en el despliegue de nuevas infraestructuras de energ\u00eda renovable en Gran Canaria Las actuaciones incluyen plantas fotovoltaicas, bater\u00edas y puntos de recarga el\u00e9ctrica en distintos municipios de&hellip;<\/p>\n","protected":false},"author":1,"featured_media":19396,"comment_status":"open","ping_status":"open","sticky":false,"template":"","format":"standard","meta":{"wpai_generated_summary":"","wpai_meta_description":"","footnotes":""},"categories":[148],"tags":[],"class_list":["post-19391","post","type-post","status-publish","format-standard","has-post-thumbnail","hentry","category-cabildo-de-gran-canaria"],"_links":{"self":[{"href":"https:\/\/nublo.tv\/index.php\/wp-json\/wp\/v2\/posts\/19391","targetHints":{"allow":["GET"]}}],"collection":[{"href":"https:\/\/nublo.tv\/index.php\/wp-json\/wp\/v2\/posts"}],"about":[{"href":"https:\/\/nublo.tv\/index.php\/wp-json\/wp\/v2\/types\/post"}],"author":[{"embeddable":true,"href":"https:\/\/nublo.tv\/index.php\/wp-json\/wp\/v2\/users\/1"}],"replies":[{"embeddable":true,"href":"https:\/\/nublo.tv\/index.php\/wp-json\/wp\/v2\/comments?post=19391"}],"version-history":[{"count":2,"href":"https:\/\/nublo.tv\/index.php\/wp-json\/wp\/v2\/posts\/19391\/revisions"}],"predecessor-version":[{"id":19415,"href":"https:\/\/nublo.tv\/index.php\/wp-json\/wp\/v2\/posts\/19391\/revisions\/19415"}],"wp:featuredmedia":[{"embeddable":true,"href":"https:\/\/nublo.tv\/index.php\/wp-json\/wp\/v2\/media\/19396"}],"wp:attachment":[{"href":"https:\/\/nublo.tv\/index.php\/wp-json\/wp\/v2\/media?parent=19391"}],"wp:term":[{"taxonomy":"category","embeddable":true,"href":"https:\/\/nublo.tv\/index.php\/wp-json\/wp\/v2\/categories?post=19391"},{"taxonomy":"post_tag","embeddable":true,"href":"https:\/\/nublo.tv\/index.php\/wp-json\/wp\/v2\/tags?post=19391"}],"curies":[{"name":"wp","href":"https:\/\/api.w.org\/{rel}","templated":true}]}}