{"id":19393,"date":"2026-09-03T16:38:57","date_gmt":"2026-09-03T15:38:57","guid":{"rendered":"https:\/\/nublo.tv\/?p=19393"},"modified":"2026-09-03T16:38:57","modified_gmt":"2026-09-03T15:38:57","slug":"aisha-mbengue-campeona-de-europa-sub16-con-espana-recibida-en-el-ayuntamiento-de-teror","status":"publish","type":"post","link":"https:\/\/nublo.tv\/index.php\/2026\/09\/03\/aisha-mbengue-campeona-de-europa-sub16-con-espana-recibida-en-el-ayuntamiento-de-teror\/","title":{"rendered":"Aisha Mbengue, campeona de Europa Sub16 con Espa\u00f1a, recibida en el Ayuntamiento de Teror"},"content":{"rendered":"<p><strong>La terorense Aisha Mbengue S\u00e1nchez se proclam\u00f3 campeona de Europa Sub16 con la Selecci\u00f3n Espa\u00f1ola en agosto y fue recibida este jueves en el Ayuntamiento de Teror junto a Trinity Ezeanatogu.<\/strong><\/p>\n<p>La jugadora del Club Baloncesto Islas Canarias \u2013 CB SPAR Gran Canaria, acompa\u00f1ada de la grancanaria Trinity Ezeanatogu (plata en el Mundial Sub17 y oro en el Europeo Sub18), fue felicitada por el alcalde Jos\u00e9 Agust\u00edn Arencibia, el primer teniente de alcalde Sergio Nuez y el concejal de Deportes Mois\u00e9s Rodr\u00edguez. Ustedes le entregaron un escudo del Ayuntamiento en reconocimiento a su logro.<\/p>\n<p><a href=\"https:\/\/teror.es\/wp-content\/uploads\/2026\/09\/3S_Visita-Aisha-Mbengue-Sanchez2.jpeg\"><img loading=\"lazy\" decoding=\"async\" class=\"alignright size-vp_sm wp-image-99628\" src=\"https:\/\/teror.es\/wp-content\/uploads\/2026\/09\/3S_Visita-Aisha-Mbengue-Sanchez2-500x281.jpeg\" alt=\"\" width=\"500\" height=\"281\" \/><\/a><\/p>\n<p>Aisha Mbengue, vecina del Barrio del Pino y estudiante del IES Teror, tiene 16 a\u00f1os y 1,85 metros de altura. La Selecci\u00f3n Espa\u00f1ola gan\u00f3 el Eurobasket Sub16 celebrado en Ruman\u00eda de forma invicta, con victorias contundentes como la final ante Eslovenia (40-87) o el +47 ante Eslovaquia.<\/p>\n<p><a href=\"https:\/\/teror.es\/wp-content\/uploads\/2026\/09\/3S_Visita-Aisha-Mbengue-Sanchez4.jpeg\"><img loading=\"lazy\" decoding=\"async\" class=\"alignright wp-image-99629\" src=\"https:\/\/teror.es\/wp-content\/uploads\/2026\/09\/3S_Visita-Aisha-Mbengue-Sanchez4-500x888.jpeg\" alt=\"\" width=\"300\" height=\"533\" \/><\/a><\/p>\n<p>Mbengue aspira a llegar a la WNBA y, a corto plazo, a estudiar Fisioterapia deportiva tras terminar Bachillerato. Sobre el Eurobasket, declar\u00f3: \u00abTodo sali\u00f3 bien. No hubo ni un detalle que se escapara. El ambiente fue excelente, fant\u00e1stico\u00bb. Anteriormente, hab\u00eda ganado el Campeonato de Espa\u00f1a Junior (con trofeo a mejor jugadora de la final) y el subcampeonato Cadete, con cuatro premios individuales: mejor jugadora, reboteadora, pasadora y anotadora.<\/p>\n<p>\u00abDe peque\u00f1a hac\u00eda gimnasia r\u00edtmica y nataci\u00f3n, pero quer\u00eda practicar otro deporte. Llegu\u00e9 al SPAR Gran Canaria sin saber botar, pero con ganas. Ha sido un proceso incre\u00edble\u00bb, explic\u00f3, respaldada por su familia en su carrera deportiva, que incluye entrenamientos diarios.<\/p>\n<p><a href=\"https:\/\/teror.es\/wp-content\/uploads\/2026\/09\/3S_Visita-Aisha-Mbengue-Sanchez1.jpeg\"><img loading=\"lazy\" decoding=\"async\" class=\"alignright wp-image-99631 size-vp_md\" src=\"https:\/\/teror.es\/wp-content\/uploads\/2026\/09\/3S_Visita-Aisha-Mbengue-Sanchez1-800x450.jpeg\" alt=\"\" width=\"777\" height=\"437\" \/><\/a><\/p>\n","protected":false},"excerpt":{"rendered":"<p>La joven deportista fue recibida y felicitada por el Ayuntamiento de Teror este jueves, junto a la compa\u00f1era tambi\u00e9n canaria Trinity Ezeanatogu, tras lograr una de sus grandes victorias.\u00a0 La&hellip;<\/p>\n","protected":false},"author":1,"featured_media":19406,"comment_status":"open","ping_status":"open","sticky":false,"template":"","format":"standard","meta":{"wpai_generated_summary":"","wpai_meta_description":"","footnotes":""},"categories":[141],"tags":[],"class_list":["post-19393","post","type-post","status-publish","format-standard","has-post-thumbnail","hentry","category-ayuntamiento-de-teror"],"_links":{"self":[{"href":"https:\/\/nublo.tv\/index.php\/wp-json\/wp\/v2\/posts\/19393","targetHints":{"allow":["GET"]}}],"collection":[{"href":"https:\/\/nublo.tv\/index.php\/wp-json\/wp\/v2\/posts"}],"about":[{"href":"https:\/\/nublo.tv\/index.php\/wp-json\/wp\/v2\/types\/post"}],"author":[{"embeddable":true,"href":"https:\/\/nublo.tv\/index.php\/wp-json\/wp\/v2\/users\/1"}],"replies":[{"embeddable":true,"href":"https:\/\/nublo.tv\/index.php\/wp-json\/wp\/v2\/comments?post=19393"}],"version-history":[{"count":2,"href":"https:\/\/nublo.tv\/index.php\/wp-json\/wp\/v2\/posts\/19393\/revisions"}],"predecessor-version":[{"id":19421,"href":"https:\/\/nublo.tv\/index.php\/wp-json\/wp\/v2\/posts\/19393\/revisions\/19421"}],"wp:featuredmedia":[{"embeddable":true,"href":"https:\/\/nublo.tv\/index.php\/wp-json\/wp\/v2\/media\/19406"}],"wp:attachment":[{"href":"https:\/\/nublo.tv\/index.php\/wp-json\/wp\/v2\/media?parent=19393"}],"wp:term":[{"taxonomy":"category","embeddable":true,"href":"https:\/\/nublo.tv\/index.php\/wp-json\/wp\/v2\/categories?post=19393"},{"taxonomy":"post_tag","embeddable":true,"href":"https:\/\/nublo.tv\/index.php\/wp-json\/wp\/v2\/tags?post=19393"}],"curies":[{"name":"wp","href":"https:\/\/api.w.org\/{rel}","templated":true}]}}