{"id":19428,"date":"2026-09-03T17:29:05","date_gmt":"2026-09-03T16:29:05","guid":{"rendered":"https:\/\/nublo.tv\/?p=19428"},"modified":"2026-09-03T17:29:05","modified_gmt":"2026-09-03T16:29:05","slug":"el-cabildo-y-global-presentan-campana-promocional-de-la-cebolla-de-galdar-en-una-guagua","status":"publish","type":"post","link":"https:\/\/nublo.tv\/index.php\/2026\/09\/03\/el-cabildo-y-global-presentan-campana-promocional-de-la-cebolla-de-galdar-en-una-guagua\/","title":{"rendered":"El Cabildo y Global presentan campa\u00f1a promocional de la cebolla de G\u00e1ldar en una guagua"},"content":{"rendered":"<p><strong>El consejero Miguel Hidalgo, el alcalde de G\u00e1ldar Teodoro Sosa y el director general de Global V\u00edctor Quintana presentaron, el viernes 4 de septiembre a las 12:00, la rotulaci\u00f3n de una guagua de transporte interurbano que promueve la cebolla de G\u00e1ldar en la Cochera de Global de la Carretera del Norte, en Gran Canaria.<\/strong><\/p>\n<p>La campa\u00f1a, impulsada por la Asociaci\u00f3n de Productores de Cebolla de G\u00e1ldar y financiada por el Gobierno de la Isla, se enmarca en el objetivo de conseguir la Denominaci\u00f3n de Origen del producto, seg\u00fan el Cabildo.<\/p>\n<p>El anuncio, publicado en la Oficina de Comunicaciones del Cabildo el 3 de septiembre de 2026, destaca el apoyo continuo del gobierno island\u00e9s a la visibilizaci\u00f3n y comercializaci\u00f3n de la cebolla de G\u00e1ldar, subrayando la importancia de la iniciativa para la econom\u00eda local.<\/p>\n<p>Para m\u00e1s informaci\u00f3n, la ubicaci\u00f3n del evento se encuentra en el siguiente enlace: https:\/\/maps.app.goo.gl\/GhPW7NR9KAs1zBhZ6?g_st=aw.<\/p>\n","protected":false},"excerpt":{"rendered":"<p>Presentaci\u00f3n de la campa\u00f1a promocional en guagua para seguir promocionando la cebolla de G\u00e1ldar en el contexto del reto de lograr la Denominaci\u00f3n de Origen &nbsp; D\u00eda: Viernes 4 de&hellip;<\/p>\n","protected":false},"author":1,"featured_media":19429,"comment_status":"open","ping_status":"open","sticky":false,"template":"","format":"standard","meta":{"wpai_generated_summary":"","wpai_meta_description":"","footnotes":""},"categories":[148],"tags":[],"class_list":["post-19428","post","type-post","status-publish","format-standard","has-post-thumbnail","hentry","category-cabildo-de-gran-canaria"],"_links":{"self":[{"href":"https:\/\/nublo.tv\/index.php\/wp-json\/wp\/v2\/posts\/19428","targetHints":{"allow":["GET"]}}],"collection":[{"href":"https:\/\/nublo.tv\/index.php\/wp-json\/wp\/v2\/posts"}],"about":[{"href":"https:\/\/nublo.tv\/index.php\/wp-json\/wp\/v2\/types\/post"}],"author":[{"embeddable":true,"href":"https:\/\/nublo.tv\/index.php\/wp-json\/wp\/v2\/users\/1"}],"replies":[{"embeddable":true,"href":"https:\/\/nublo.tv\/index.php\/wp-json\/wp\/v2\/comments?post=19428"}],"version-history":[{"count":2,"href":"https:\/\/nublo.tv\/index.php\/wp-json\/wp\/v2\/posts\/19428\/revisions"}],"predecessor-version":[{"id":19431,"href":"https:\/\/nublo.tv\/index.php\/wp-json\/wp\/v2\/posts\/19428\/revisions\/19431"}],"wp:featuredmedia":[{"embeddable":true,"href":"https:\/\/nublo.tv\/index.php\/wp-json\/wp\/v2\/media\/19429"}],"wp:attachment":[{"href":"https:\/\/nublo.tv\/index.php\/wp-json\/wp\/v2\/media?parent=19428"}],"wp:term":[{"taxonomy":"category","embeddable":true,"href":"https:\/\/nublo.tv\/index.php\/wp-json\/wp\/v2\/categories?post=19428"},{"taxonomy":"post_tag","embeddable":true,"href":"https:\/\/nublo.tv\/index.php\/wp-json\/wp\/v2\/tags?post=19428"}],"curies":[{"name":"wp","href":"https:\/\/api.w.org\/{rel}","templated":true}]}}