{"id":19433,"date":"2026-09-03T18:15:43","date_gmt":"2026-09-03T17:15:43","guid":{"rendered":"https:\/\/nublo.tv\/?p=19433"},"modified":"2026-09-03T18:15:43","modified_gmt":"2026-09-03T17:15:43","slug":"galdar-recibe-32-millones-de-euros-para-digitalizar-el-sector-platanero","status":"publish","type":"post","link":"https:\/\/nublo.tv\/index.php\/2026\/09\/03\/galdar-recibe-32-millones-de-euros-para-digitalizar-el-sector-platanero\/","title":{"rendered":"G\u00e1ldar recibe 3,2\u202fmillones de euros para digitalizar el sector platanero"},"content":{"rendered":"<p><strong>El Ayuntamiento de G\u00e1ldar ha conseguido 3,2 millones de euros de la UE para el proyecto AGALDAT, que busca modernizar el sector platanero con tecnolog\u00edas de datos e inteligencia artificial.<\/strong><\/p>\n<p>El proyecto, presentado este jueves en la Sala del S\u00e1bor de las Casas Consistoriales, forma parte del programa RedCyTI (Smart Economy) de Red.es y est\u00e1 cofinanciado por el Fondo Europeo de Desarrollo Regional.<\/p>\n<p>La iniciativa pretende reducir el consumo de agua en el riego de pl\u00e1tanos entre un 40\u202f% y un 60\u202f%, mejorando los costes de producci\u00f3n y la competitividad internacional del cultivo.<\/p>\n<p>La presentaci\u00f3n cont\u00f3 con la presencia del alcalde Teodoro Sosa y del primer teniente de alcalde Julio Mateo Castillo, quien enfatiz\u00f3 la importancia del pl\u00e1tano como principal productor de la isla y el riesgo de p\u00e9rdida del sector primario.<\/p>\n<p>El proyecto AGALDAT incluir\u00e1 una Plataforma Central de Datos e Inteligencia Artificial que conectar\u00e1 la demanda h\u00eddrica de los cultivos con la producci\u00f3n y el almacenamiento de agua de las plantas desaladoras, y un \u201cgemelo digital\u201d para pasar de un riego reactivo a uno predictivo.<\/p>\n<p>La fase de implantaci\u00f3n abarcar\u00e1 ocho explotaciones plataneras piloto seleccionadas por tama\u00f1o y altitud, pertenecientes a las cooperativas Llanos de Sardina y Costa Caleta, donde se instalar\u00e1 una red de sensores de humedad, estaciones meteorol\u00f3gicas y sistemas de identificaci\u00f3n de plantas.<\/p>\n<p>Entre los asistentes a la presentaci\u00f3n figura el presidente de la Cooperativa Agr\u00edcola Llanos de Sardina Daniel Godoy, la directora ejecutiva de Grupo FSM Laura Santiago, el gerente de la Mancomunidad del Norte de Gran Canaria Alejandro Pe\u00f1afiel, el catedr\u00e1tico de la ULPGC Jos\u00e9 Antonio Carta Gonz\u00e1lez, el responsable de proyectos del Cl\u00faster Agrotech Canarias Mario Alberto P\u00e9rez N\u00fa\u00f1ez y el CEO de Fibras Naturales Canarias N\u00e9stor Santiago.<\/p>\n<p>El proyecto se apoya tambi\u00e9n en el Consejo Insular de Aguas de Gran Canaria, la Agencia de Extensi\u00f3n Agraria del Cabildo, la Universidad de Las Palmas de Gran Canaria y empresas locales vinculadas al ciclo integral del agua, con el objetivo de convertir a G\u00e1ldar en un referente nacional en agricultura inteligente y sostenible.<\/p>\n<p>\u00abEl agua representa aproximadamente un 30\u202f% del coste de producir un kilo de pl\u00e1tano. Si el proyecto logra optimizar este recurso, no solo se beneficiar\u00e1n los agricultores, sino tambi\u00e9n los consumidores, ya que podremos abaratar el producto final en la cesta de la compra\u00bb, declar\u00f3 Daniel Godoy.<\/p>\n<p>El alcalde Sosa a\u00f1adi\u00f3: \u00abEsta financiaci\u00f3n se podr\u00eda haber usado para la Administraci\u00f3n P\u00fablica y dirigir la inteligencia artificial a los procedimientos internos. Y no: se lider\u00f3 de la mano del sector agr\u00edcola. Eso es modelo de ciudad, eso es inteligencia para el futuro y proyectar la luz larga\u00bb.<\/p>\n<p>El proyecto AGALDAT se describe como una iniciativa que dotar\u00e1 de resiliencia y mayor rentabilidad al sector platanero, uno de los pilares econ\u00f3micos del municipio, enfrentando los costes de agua, energ\u00eda y la variabilidad clim\u00e1tica.<\/p>\n<p><a title=\"G\u00e1ldar logra 3,2 millones para el proyecto AGALDAT\" href=\"https:\/\/www.flickr.com\/photos\/ayuntamientodegaldar\/albums\/72177720335448728\" data-flickr-embed=\"true\" data-footer=\"true\"><img loading=\"lazy\" decoding=\"async\" src=\"https:\/\/live.staticflickr.com\/65535\/55505689996_6a82df5325_h.jpg\" alt=\"G\u00e1ldar logra 3,2 millones para el proyecto AGALDAT\" width=\"1600\" height=\"1200\" \/><\/a><\/p>\n","protected":false},"excerpt":{"rendered":"<p>El Ayuntamiento de G\u00e1ldar ha presentado este jueves los detalles del proyecto AGALDAT (Transformaci\u00f3n Digital Sostenible del Sector Agr\u00edcola Platanero en G\u00e1ldar), tras lograr una subvenci\u00f3n de 3,2 millones de&hellip;<\/p>\n","protected":false},"author":1,"featured_media":19443,"comment_status":"open","ping_status":"open","sticky":false,"template":"","format":"standard","meta":{"wpai_generated_summary":"","wpai_meta_description":"","footnotes":""},"categories":[129],"tags":[],"class_list":["post-19433","post","type-post","status-publish","format-standard","has-post-thumbnail","hentry","category-ayuntamiento-de-galdar"],"_links":{"self":[{"href":"https:\/\/nublo.tv\/index.php\/wp-json\/wp\/v2\/posts\/19433","targetHints":{"allow":["GET"]}}],"collection":[{"href":"https:\/\/nublo.tv\/index.php\/wp-json\/wp\/v2\/posts"}],"about":[{"href":"https:\/\/nublo.tv\/index.php\/wp-json\/wp\/v2\/types\/post"}],"author":[{"embeddable":true,"href":"https:\/\/nublo.tv\/index.php\/wp-json\/wp\/v2\/users\/1"}],"replies":[{"embeddable":true,"href":"https:\/\/nublo.tv\/index.php\/wp-json\/wp\/v2\/comments?post=19433"}],"version-history":[{"count":2,"href":"https:\/\/nublo.tv\/index.php\/wp-json\/wp\/v2\/posts\/19433\/revisions"}],"predecessor-version":[{"id":19441,"href":"https:\/\/nublo.tv\/index.php\/wp-json\/wp\/v2\/posts\/19433\/revisions\/19441"}],"wp:featuredmedia":[{"embeddable":true,"href":"https:\/\/nublo.tv\/index.php\/wp-json\/wp\/v2\/media\/19443"}],"wp:attachment":[{"href":"https:\/\/nublo.tv\/index.php\/wp-json\/wp\/v2\/media?parent=19433"}],"wp:term":[{"taxonomy":"category","embeddable":true,"href":"https:\/\/nublo.tv\/index.php\/wp-json\/wp\/v2\/categories?post=19433"},{"taxonomy":"post_tag","embeddable":true,"href":"https:\/\/nublo.tv\/index.php\/wp-json\/wp\/v2\/tags?post=19433"}],"curies":[{"name":"wp","href":"https:\/\/api.w.org\/{rel}","templated":true}]}}