{"id":19435,"date":"2026-09-03T18:14:13","date_gmt":"2026-09-03T17:14:13","guid":{"rendered":"https:\/\/nublo.tv\/?p=19435"},"modified":"2026-09-03T18:14:13","modified_gmt":"2026-09-03T17:14:13","slug":"santa-lucia-de-tirajana-se-presenta-a-la-convocatoria-canaria-de-ayudas-para-programas-de-infancia-y-familia","status":"publish","type":"post","link":"https:\/\/nublo.tv\/index.php\/2026\/09\/03\/santa-lucia-de-tirajana-se-presenta-a-la-convocatoria-canaria-de-ayudas-para-programas-de-infancia-y-familia\/","title":{"rendered":"Santa Luc\u00eda de Tirajana se presenta a la convocatoria canaria de ayudas para programas de Infancia y Familia"},"content":{"rendered":"<p><strong>El Ayuntamiento de Santa Luc\u00eda de Tirajana ha solicitado subvenciones del Gobierno de Canarias para financiar programas de atenci\u00f3n a la infancia y la familia, con un importe m\u00e1ximo de 198.419,29 euros.<\/strong><\/p>\n<p>El programa auton\u00f3mico est\u00e1 destinado a contribuir al sostenimiento de equipos profesionales que realizan actuaciones de prevenci\u00f3n, orientaci\u00f3n, acompa\u00f1amiento e intervenci\u00f3n con menores y familias en situaci\u00f3n de vulnerabilidad social.<\/p>\n<p>El concejal de Infancia y Familia, Sa\u00fal Goyes, destac\u00f3 que \u00abesta financiaci\u00f3n nos permitir\u00e1 seguir fortaleciendo los recursos municipales que destinamos a la protecci\u00f3n de la infancia, el apoyo a las familias y la prevenci\u00f3n de situaciones de vulnerabilidad social\u00bb.<\/p>\n<p>&nbsp;<\/p>\n<div class=\"t-entry-visual-overlay\">\n<div class=\"t-entry-visual-overlay-in style-dark-bg\" style=\"opacity: 0.5\"><\/div>\n<\/div>\n<p><img loading=\"lazy\" decoding=\"async\" class=\"srcset-async srcset-auto srcset-on-layout wp-image-25673\" src=\"https:\/\/www.santaluciagc.com\/wp-content\/uploads\/2026\/09\/concejalSaulGoyesenpresentacionproyectoTucasa-2-1-scaled.jpg\" alt=\"\" width=\"2560\" height=\"1707\" data-no-bp=\"\" data-bp=\"720,1032\" data-uniqueid=\"25673-184761\" data-guid=\"https:\/\/www.santaluciagc.com\/wp-content\/uploads\/2026\/09\/concejalSaulGoyesenpresentacionproyectoTucasa-2-1-scaled.jpg\" data-path=\"2026\/09\/concejalSaulGoyesenpresentacionproyectoTucasa-2-1-scaled.jpg\" data-width=\"2560\" data-height=\"1707\" data-singlew=\"4\" data-singleh=\"4\" data-crop=\"\" data-srcset=\"https:\/\/www.santaluciagc.com\/wp-content\/uploads\/2026\/09\/concejalSaulGoyesenpresentacionproyectoTucasa-2-1-scaled.jpg 2560w, https:\/\/www.santaluciagc.com\/wp-content\/uploads\/2026\/09\/concejalSaulGoyesenpresentacionproyectoTucasa-2-1-300x200.jpg 300w, https:\/\/www.santaluciagc.com\/wp-content\/uploads\/2026\/09\/concejalSaulGoyesenpresentacionproyectoTucasa-2-1-1024x683.jpg 1024w, https:\/\/www.santaluciagc.com\/wp-content\/uploads\/2026\/09\/concejalSaulGoyesenpresentacionproyectoTucasa-2-1-768x512.jpg 768w, https:\/\/www.santaluciagc.com\/wp-content\/uploads\/2026\/09\/concejalSaulGoyesenpresentacionproyectoTucasa-2-1-1536x1024.jpg 1536w, https:\/\/www.santaluciagc.com\/wp-content\/uploads\/2026\/09\/concejalSaulGoyesenpresentacionproyectoTucasa-2-1-2048x1365.jpg 2048w, https:\/\/www.santaluciagc.com\/wp-content\/uploads\/2026\/09\/concejalSaulGoyesenpresentacionproyectoTucasa-2-1-350x233.jpg 350w, https:\/\/www.santaluciagc.com\/wp-content\/uploads\/2026\/09\/concejalSaulGoyesenpresentacionproyectoTucasa-2-1-scaled-uai-720x480.jpg 720w, https:\/\/www.santaluciagc.com\/wp-content\/uploads\/2026\/09\/concejalSaulGoyesenpresentacionproyectoTucasa-2-1-scaled-uai-1032x688.jpg 1032w\" \/><\/p>\n<p>&nbsp;<\/p>\n<div class=\"t-entry-visual-overlay\">\n<div class=\"t-entry-visual-overlay-in style-dark-bg\" style=\"opacity: 0.5\"><\/div>\n<\/div>\n<p><img loading=\"lazy\" decoding=\"async\" class=\"srcset-async srcset-auto srcset-on-layout wp-image-25674\" src=\"https:\/\/www.santaluciagc.com\/wp-content\/uploads\/2026\/09\/concejalSaulGoyesenpresentacionproyectoTucasa-1-1-scaled.jpg\" alt=\"\" width=\"2560\" height=\"1707\" data-no-bp=\"\" data-bp=\"720,1032\" data-uniqueid=\"25674-184407\" data-guid=\"https:\/\/www.santaluciagc.com\/wp-content\/uploads\/2026\/09\/concejalSaulGoyesenpresentacionproyectoTucasa-1-1-scaled.jpg\" data-path=\"2026\/09\/concejalSaulGoyesenpresentacionproyectoTucasa-1-1-scaled.jpg\" data-width=\"2560\" data-height=\"1707\" data-singlew=\"4\" data-singleh=\"4\" data-crop=\"\" data-srcset=\"https:\/\/www.santaluciagc.com\/wp-content\/uploads\/2026\/09\/concejalSaulGoyesenpresentacionproyectoTucasa-1-1-scaled.jpg 2560w, https:\/\/www.santaluciagc.com\/wp-content\/uploads\/2026\/09\/concejalSaulGoyesenpresentacionproyectoTucasa-1-1-300x200.jpg 300w, https:\/\/www.santaluciagc.com\/wp-content\/uploads\/2026\/09\/concejalSaulGoyesenpresentacionproyectoTucasa-1-1-1024x683.jpg 1024w, https:\/\/www.santaluciagc.com\/wp-content\/uploads\/2026\/09\/concejalSaulGoyesenpresentacionproyectoTucasa-1-1-768x512.jpg 768w, https:\/\/www.santaluciagc.com\/wp-content\/uploads\/2026\/09\/concejalSaulGoyesenpresentacionproyectoTucasa-1-1-1536x1024.jpg 1536w, https:\/\/www.santaluciagc.com\/wp-content\/uploads\/2026\/09\/concejalSaulGoyesenpresentacionproyectoTucasa-1-1-2048x1365.jpg 2048w, https:\/\/www.santaluciagc.com\/wp-content\/uploads\/2026\/09\/concejalSaulGoyesenpresentacionproyectoTucasa-1-1-350x233.jpg 350w, https:\/\/www.santaluciagc.com\/wp-content\/uploads\/2026\/09\/concejalSaulGoyesenpresentacionproyectoTucasa-1-1-scaled-uai-720x480.jpg 720w, https:\/\/www.santaluciagc.com\/wp-content\/uploads\/2026\/09\/concejalSaulGoyesenpresentacionproyectoTucasa-1-1-scaled-uai-1032x688.jpg 1032w\" \/><\/p>\n<p><img loading=\"lazy\" decoding=\"async\" class=\"srcset-async srcset-auto wp-image-25673\" src=\"https:\/\/www.santaluciagc.com\/wp-content\/uploads\/2026\/09\/concejalSaulGoyesenpresentacionproyectoTucasa-2-1-scaled.jpg\" alt=\"\" width=\"2560\" height=\"1707\" data-no-bp=\"\" data-bp=\"720,1032\" data-uniqueid=\"25673-178763\" data-guid=\"https:\/\/www.santaluciagc.com\/wp-content\/uploads\/2026\/09\/concejalSaulGoyesenpresentacionproyectoTucasa-2-1-scaled.jpg\" data-path=\"2026\/09\/concejalSaulGoyesenpresentacionproyectoTucasa-2-1-scaled.jpg\" data-width=\"2560\" data-height=\"1707\" data-singlew=\"12\" data-singleh=\"\" data-crop=\"\" data-srcset=\"https:\/\/www.santaluciagc.com\/wp-content\/uploads\/2026\/09\/concejalSaulGoyesenpresentacionproyectoTucasa-2-1-scaled.jpg 2560w, https:\/\/www.santaluciagc.com\/wp-content\/uploads\/2026\/09\/concejalSaulGoyesenpresentacionproyectoTucasa-2-1-300x200.jpg 300w, https:\/\/www.santaluciagc.com\/wp-content\/uploads\/2026\/09\/concejalSaulGoyesenpresentacionproyectoTucasa-2-1-1024x683.jpg 1024w, https:\/\/www.santaluciagc.com\/wp-content\/uploads\/2026\/09\/concejalSaulGoyesenpresentacionproyectoTucasa-2-1-768x512.jpg 768w, https:\/\/www.santaluciagc.com\/wp-content\/uploads\/2026\/09\/concejalSaulGoyesenpresentacionproyectoTucasa-2-1-1536x1024.jpg 1536w, https:\/\/www.santaluciagc.com\/wp-content\/uploads\/2026\/09\/concejalSaulGoyesenpresentacionproyectoTucasa-2-1-2048x1365.jpg 2048w, https:\/\/www.santaluciagc.com\/wp-content\/uploads\/2026\/09\/concejalSaulGoyesenpresentacionproyectoTucasa-2-1-350x233.jpg 350w, https:\/\/www.santaluciagc.com\/wp-content\/uploads\/2026\/09\/concejalSaulGoyesenpresentacionproyectoTucasa-2-1-scaled-uai-720x480.jpg 720w, https:\/\/www.santaluciagc.com\/wp-content\/uploads\/2026\/09\/concejalSaulGoyesenpresentacionproyectoTucasa-2-1-scaled-uai-1032x688.jpg 1032w\" \/><\/p>\n","protected":false},"excerpt":{"rendered":"<p>3 de septiembre de 2026 NoticiasEl programa contempla ayudas de casi doscientos mil euros destinadas a mantener equipos profesionales para la prevenci\u00f3n y acompa\u00f1amiento a familias en vulnerabilidad social Santa&hellip;<\/p>\n","protected":false},"author":1,"featured_media":19440,"comment_status":"open","ping_status":"open","sticky":false,"template":"","format":"standard","meta":{"wpai_generated_summary":"","wpai_meta_description":"","footnotes":""},"categories":[137],"tags":[],"class_list":["post-19435","post","type-post","status-publish","format-standard","has-post-thumbnail","hentry","category-ayuntamiento-de-santa-lucia-de-tirajana"],"_links":{"self":[{"href":"https:\/\/nublo.tv\/index.php\/wp-json\/wp\/v2\/posts\/19435","targetHints":{"allow":["GET"]}}],"collection":[{"href":"https:\/\/nublo.tv\/index.php\/wp-json\/wp\/v2\/posts"}],"about":[{"href":"https:\/\/nublo.tv\/index.php\/wp-json\/wp\/v2\/types\/post"}],"author":[{"embeddable":true,"href":"https:\/\/nublo.tv\/index.php\/wp-json\/wp\/v2\/users\/1"}],"replies":[{"embeddable":true,"href":"https:\/\/nublo.tv\/index.php\/wp-json\/wp\/v2\/comments?post=19435"}],"version-history":[{"count":2,"href":"https:\/\/nublo.tv\/index.php\/wp-json\/wp\/v2\/posts\/19435\/revisions"}],"predecessor-version":[{"id":19442,"href":"https:\/\/nublo.tv\/index.php\/wp-json\/wp\/v2\/posts\/19435\/revisions\/19442"}],"wp:featuredmedia":[{"embeddable":true,"href":"https:\/\/nublo.tv\/index.php\/wp-json\/wp\/v2\/media\/19440"}],"wp:attachment":[{"href":"https:\/\/nublo.tv\/index.php\/wp-json\/wp\/v2\/media?parent=19435"}],"wp:term":[{"taxonomy":"category","embeddable":true,"href":"https:\/\/nublo.tv\/index.php\/wp-json\/wp\/v2\/categories?post=19435"},{"taxonomy":"post_tag","embeddable":true,"href":"https:\/\/nublo.tv\/index.php\/wp-json\/wp\/v2\/tags?post=19435"}],"curies":[{"name":"wp","href":"https:\/\/api.w.org\/{rel}","templated":true}]}}