{"id":19450,"date":"2026-09-04T08:24:28","date_gmt":"2026-09-04T07:24:28","guid":{"rendered":"https:\/\/nublo.tv\/?p=19450"},"modified":"2026-09-04T08:24:28","modified_gmt":"2026-09-04T07:24:28","slug":"telde-confirma-a-32-agentes-de-la-policia-local-como-funcionarios-de-carrera","status":"publish","type":"post","link":"https:\/\/nublo.tv\/index.php\/2026\/09\/04\/telde-confirma-a-32-agentes-de-la-policia-local-como-funcionarios-de-carrera\/","title":{"rendered":"Telde confirma a 32 agentes de la Polic\u00eda Local como funcionarios de carrera"},"content":{"rendered":"<p><strong>Telde formaliza el nombramiento de 32 agentes de la Polic\u00eda Local como funcionarios de carrera en la ermita de San Pedro M\u00e1rtir el 3 de septiembre de 2026.<\/strong><\/p>\n<p>El Ayuntamiento de Telde celebr\u00f3 en la ma\u00f1ana del jueves la ceremonia, en la ermita de San Pedro M\u00e1rtir, para formalizar la incorporaci\u00f3n definitiva de los 32 profesionales a la plantilla municipal, tras haber completado todas las fases del proceso selectivo, incluida la formaci\u00f3n en la Academia Canaria de Seguridad y el periodo de pr\u00e1cticas en el municipio.<\/p>\n<p>Con la firma, los agentes terminan oficialmente el proceso que empez\u00f3 con la convocatoria de las plazas a finales de 2020, que recibi\u00f3 a m\u00e1s de 1.100 candidaturas, y que se reactiv\u00f3 a finales de 2023 tras a\u00f1os de inactividad.<\/p>\n<p>Los aspirantes superaron las pruebas selectivas, completaron su formaci\u00f3n espec\u00edfica y realizaron 1.200 horas de pr\u00e1cticas efectivas en Telde antes de alcanzar la condici\u00f3n de funcionarios de carrera.<\/p>\n<p>El acto, considerado importante por los propios agentes, sus familias y la Polic\u00eda Local, marca el cierre de una etapa de preparaci\u00f3n y el inicio de una nueva fase de servicio profesional dentro del cuerpo municipal.<\/p>\n<p>El alcalde Juan Antonio Pe\u00f1a felicit\u00f3 a los 32 agentes y destac\u00f3 el esfuerzo y el recorrido personal y profesional que los llev\u00f3 a este momento.<\/p>\n<p>La incorporaci\u00f3n de los nuevos funcionarios refuerza la Polic\u00eda Local de Telde, ya que los profesionales conocen de primera mano los barrios, calles y necesidades de la cin\u00eda.<\/p>\n<p>El Ayuntamiento resalt\u00f3 el trabajo del Tribunal Calificador, el personal de Recursos Humanos, Secretar\u00eda, Intervenci\u00f3n y Polic\u00eda Local, as\u00ed como de la Academia Canaria de Seguridad y dem\u00e1s profesionales involucrados en las distintas fases de formaci\u00f3n y preparaci\u00f3n.<\/p>\n<p>Con esta formalizaci\u00f3n, Telde suma a 32 nuevos funcionarios de carrera a su Polic\u00eda Local, cerrando una etapa marcada por el esfuerzo.<\/p>\n","protected":false},"excerpt":{"rendered":"<p>https:\/\/www.telde.es\/wp-content\/uploads\/2026\/09\/noticia715.jpgTelde, a 3 de septiembre de 2026. El Ayuntamiento de Telde ha formalizado en la ma\u00f1ana de este jueves el nombramiento definitivo de 32 agentes de la Polic\u00eda Local como&hellip;<\/p>\n","protected":false},"author":1,"featured_media":19462,"comment_status":"open","ping_status":"open","sticky":false,"template":"","format":"standard","meta":{"wpai_generated_summary":"","wpai_meta_description":"","footnotes":""},"categories":[140],"tags":[],"class_list":["post-19450","post","type-post","status-publish","format-standard","has-post-thumbnail","hentry","category-ayuntamiento-de-telde"],"_links":{"self":[{"href":"https:\/\/nublo.tv\/index.php\/wp-json\/wp\/v2\/posts\/19450","targetHints":{"allow":["GET"]}}],"collection":[{"href":"https:\/\/nublo.tv\/index.php\/wp-json\/wp\/v2\/posts"}],"about":[{"href":"https:\/\/nublo.tv\/index.php\/wp-json\/wp\/v2\/types\/post"}],"author":[{"embeddable":true,"href":"https:\/\/nublo.tv\/index.php\/wp-json\/wp\/v2\/users\/1"}],"replies":[{"embeddable":true,"href":"https:\/\/nublo.tv\/index.php\/wp-json\/wp\/v2\/comments?post=19450"}],"version-history":[{"count":2,"href":"https:\/\/nublo.tv\/index.php\/wp-json\/wp\/v2\/posts\/19450\/revisions"}],"predecessor-version":[{"id":19466,"href":"https:\/\/nublo.tv\/index.php\/wp-json\/wp\/v2\/posts\/19450\/revisions\/19466"}],"wp:featuredmedia":[{"embeddable":true,"href":"https:\/\/nublo.tv\/index.php\/wp-json\/wp\/v2\/media\/19462"}],"wp:attachment":[{"href":"https:\/\/nublo.tv\/index.php\/wp-json\/wp\/v2\/media?parent=19450"}],"wp:term":[{"taxonomy":"category","embeddable":true,"href":"https:\/\/nublo.tv\/index.php\/wp-json\/wp\/v2\/categories?post=19450"},{"taxonomy":"post_tag","embeddable":true,"href":"https:\/\/nublo.tv\/index.php\/wp-json\/wp\/v2\/tags?post=19450"}],"curies":[{"name":"wp","href":"https:\/\/api.w.org\/{rel}","templated":true}]}}