{"id":19452,"date":"2026-09-04T08:24:22","date_gmt":"2026-09-04T07:24:22","guid":{"rendered":"https:\/\/nublo.tv\/?p=19452"},"modified":"2026-09-04T08:24:22","modified_gmt":"2026-09-04T07:24:22","slug":"ascensor-panoramico-del-parque-de-las-rehoyas-vuelve-a-funcionar-en-las-palmas-de-gran-canaria","status":"publish","type":"post","link":"https:\/\/nublo.tv\/index.php\/2026\/09\/04\/ascensor-panoramico-del-parque-de-las-rehoyas-vuelve-a-funcionar-en-las-palmas-de-gran-canaria\/","title":{"rendered":"Ascensor panor\u00e1mico del parque de Las Rehoyas vuelve a funcionar en Las Palmas de Gran Canaria"},"content":{"rendered":"<p><strong>El Ayuntamiento de Las Palmas de Gran Canaria ha puesto en marcha de nuevo el ascensor panor\u00e1mico del parque de Las Rehoyas, que conecta las calles Agustina de Arag\u00f3n y Fortunata, cubriendo un desnivel superior a 30 metros.<\/strong><\/p>\n<p>El ascensor ya funciona y permite la accesibilidad y la conexi\u00f3n entre las distintas cotas del parque.<\/p>\n<p>La medida forma parte de un conjunto de actuaciones para restablecer los ascensores p\u00fablicos de la ciudad, que tambi\u00e9n han vuelto a operar el ascensor de San Jos\u00e9 la misma semana.<\/p>\n<p>Para ello se ha adjudicado un contrato que cubre la puesta en marcha, el mantenimiento y la conservaci\u00f3n de las instalaciones, incluyendo las inspecciones obligatorias por parte de los Organismos de Control Autorizados (OCA).<\/p>\n<p>El proyecto dispone de un presupuesto de 15.461,50 euros y un plazo de cinco meses.<\/p>\n","protected":false},"excerpt":{"rendered":"<p>Las Palmas de Gran Canaria, 3 de septiembre de 2026. El Ayuntamiento de Las Palmas de Gran Canaria ha restablecido el servicio del ascensor panor\u00e1mico del parque de Las Rehoyas,&hellip;<\/p>\n","protected":false},"author":1,"featured_media":19460,"comment_status":"open","ping_status":"open","sticky":false,"template":"","format":"standard","meta":{"wpai_generated_summary":"","wpai_meta_description":"","footnotes":""},"categories":[132],"tags":[],"class_list":["post-19452","post","type-post","status-publish","format-standard","has-post-thumbnail","hentry","category-ayuntamiento-de-las-palmas-de-gran-canaria"],"_links":{"self":[{"href":"https:\/\/nublo.tv\/index.php\/wp-json\/wp\/v2\/posts\/19452","targetHints":{"allow":["GET"]}}],"collection":[{"href":"https:\/\/nublo.tv\/index.php\/wp-json\/wp\/v2\/posts"}],"about":[{"href":"https:\/\/nublo.tv\/index.php\/wp-json\/wp\/v2\/types\/post"}],"author":[{"embeddable":true,"href":"https:\/\/nublo.tv\/index.php\/wp-json\/wp\/v2\/users\/1"}],"replies":[{"embeddable":true,"href":"https:\/\/nublo.tv\/index.php\/wp-json\/wp\/v2\/comments?post=19452"}],"version-history":[{"count":2,"href":"https:\/\/nublo.tv\/index.php\/wp-json\/wp\/v2\/posts\/19452\/revisions"}],"predecessor-version":[{"id":19465,"href":"https:\/\/nublo.tv\/index.php\/wp-json\/wp\/v2\/posts\/19452\/revisions\/19465"}],"wp:featuredmedia":[{"embeddable":true,"href":"https:\/\/nublo.tv\/index.php\/wp-json\/wp\/v2\/media\/19460"}],"wp:attachment":[{"href":"https:\/\/nublo.tv\/index.php\/wp-json\/wp\/v2\/media?parent=19452"}],"wp:term":[{"taxonomy":"category","embeddable":true,"href":"https:\/\/nublo.tv\/index.php\/wp-json\/wp\/v2\/categories?post=19452"},{"taxonomy":"post_tag","embeddable":true,"href":"https:\/\/nublo.tv\/index.php\/wp-json\/wp\/v2\/tags?post=19452"}],"curies":[{"name":"wp","href":"https:\/\/api.w.org\/{rel}","templated":true}]}}