{"id":19454,"date":"2026-09-04T08:24:13","date_gmt":"2026-09-04T07:24:13","guid":{"rendered":"https:\/\/nublo.tv\/?p=19454"},"modified":"2026-09-04T08:24:13","modified_gmt":"2026-09-04T07:24:13","slug":"cuatro-firmas-de-gran-canaria-moda-calida-presentaran-sus-colecciones-en-omoda-madrid-es-moda-el-10-de-septiembre","status":"publish","type":"post","link":"https:\/\/nublo.tv\/index.php\/2026\/09\/04\/cuatro-firmas-de-gran-canaria-moda-calida-presentaran-sus-colecciones-en-omoda-madrid-es-moda-el-10-de-septiembre\/","title":{"rendered":"Cuatro firmas de Gran Canaria Moda C\u00e1lida presentar\u00e1n sus colecciones en OMODA Madrid es Moda el 10 de septiembre"},"content":{"rendered":"<p><strong>El programa Gran Canaria Moda C\u00e1lida, dependiente de la Consejer\u00eda de Desarrollo Econ\u00f3mico, Industria, Comercio y Artesan\u00eda del Cabildo de Gran Canaria, presentar\u00e1 el pr\u00f3ximo 10 de septiembre en Madrid las propuestas de cuatro firmas insulares en el marco del evento OMODA Madrid es Moda.<\/strong><\/p>\n<p>La iniciativa, desarrollada en colaboraci\u00f3n con la Asociaci\u00f3n Creadores de Moda de Espa\u00f1a (ACME), tiene como objetivo favorecer la proyecci\u00f3n de las marcas locales fuera del archipi\u00e9lago y conectar su trabajo con medios especializados, prescriptores y compradores del mercado nacional.<\/p>\n<p>La presentaci\u00f3n se estructurar\u00e1 a trav\u00e9s de cuatro eventos en espacios independientes. En el apartado de moda nupcial y ceremonia, Aurelia Gil expondr\u00e1 su colecci\u00f3n \u00abCERO\u00bb; Ogadenia Couture exhibir\u00e1 \u00abMi Musa\u00bb, proyecto realizado junto al artista Emilio Almoguera; y Pedro Palmas mostrar\u00e1 \u00abSILENCIO\u00bb, propuesta enmarcada en \u00abPuntadas de Piedra\u00bb e inspirada en la arquitectura madrile\u00f1a. En lencer\u00eda, la firma Gonzales, encabezada por Carmen Gonz\u00e1lez, dar\u00e1 a conocer su und\u00e9cima colecci\u00f3n, titulada \u00abMRR\u00cdA\u00bb y basada en la novela de Rafael Arozarena.<\/p>\n<p>La plataforma insular mantiene desde 2017 una alianza con ACME como socio estrat\u00e9gico para reforzar el asesoramiento, la formaci\u00f3n y el acceso del tejido empresarial de la moda grancanaria a los circuitos de la moda de autor espa\u00f1ola.<\/p>\n","protected":false},"excerpt":{"rendered":"<p>&nbsp; Gran Canaria Moda C\u00e1lida impulsa el talento de firmas canarias en el ecosistema de la moda de autor espa\u00f1ola, en el marco de OMODA Madrid es Moda &nbsp; &nbsp;&hellip;<\/p>\n","protected":false},"author":1,"featured_media":19464,"comment_status":"open","ping_status":"open","sticky":false,"template":"","format":"standard","meta":{"wpai_generated_summary":"","wpai_meta_description":"","footnotes":""},"categories":[148],"tags":[],"class_list":["post-19454","post","type-post","status-publish","format-standard","has-post-thumbnail","hentry","category-cabildo-de-gran-canaria"],"_links":{"self":[{"href":"https:\/\/nublo.tv\/index.php\/wp-json\/wp\/v2\/posts\/19454","targetHints":{"allow":["GET"]}}],"collection":[{"href":"https:\/\/nublo.tv\/index.php\/wp-json\/wp\/v2\/posts"}],"about":[{"href":"https:\/\/nublo.tv\/index.php\/wp-json\/wp\/v2\/types\/post"}],"author":[{"embeddable":true,"href":"https:\/\/nublo.tv\/index.php\/wp-json\/wp\/v2\/users\/1"}],"replies":[{"embeddable":true,"href":"https:\/\/nublo.tv\/index.php\/wp-json\/wp\/v2\/comments?post=19454"}],"version-history":[{"count":2,"href":"https:\/\/nublo.tv\/index.php\/wp-json\/wp\/v2\/posts\/19454\/revisions"}],"predecessor-version":[{"id":19463,"href":"https:\/\/nublo.tv\/index.php\/wp-json\/wp\/v2\/posts\/19454\/revisions\/19463"}],"wp:featuredmedia":[{"embeddable":true,"href":"https:\/\/nublo.tv\/index.php\/wp-json\/wp\/v2\/media\/19464"}],"wp:attachment":[{"href":"https:\/\/nublo.tv\/index.php\/wp-json\/wp\/v2\/media?parent=19454"}],"wp:term":[{"taxonomy":"category","embeddable":true,"href":"https:\/\/nublo.tv\/index.php\/wp-json\/wp\/v2\/categories?post=19454"},{"taxonomy":"post_tag","embeddable":true,"href":"https:\/\/nublo.tv\/index.php\/wp-json\/wp\/v2\/tags?post=19454"}],"curies":[{"name":"wp","href":"https:\/\/api.w.org\/{rel}","templated":true}]}}