{"id":19467,"date":"2026-09-04T08:51:34","date_gmt":"2026-09-04T07:51:34","guid":{"rendered":"https:\/\/nublo.tv\/?p=19467"},"modified":"2026-09-04T08:51:34","modified_gmt":"2026-09-04T07:51:34","slug":"sitycleta-bate-dos-records-consecutivos-y-alcanza-un-nuevo-maximo-con-1-671-usos-diarios","status":"publish","type":"post","link":"https:\/\/nublo.tv\/index.php\/2026\/09\/04\/sitycleta-bate-dos-records-consecutivos-y-alcanza-un-nuevo-maximo-con-1-671-usos-diarios\/","title":{"rendered":"S\u00edtycleta bate dos r\u00e9cords consecutivos y alcanza un nuevo m\u00e1ximo con 1.671 usos diarios"},"content":{"rendered":"<p><strong>El servicio p\u00fablico de bicicletas S\u00edtycleta de Las Palmas de Gran Canaria registr\u00f3 el 1.671 uso en la jornada del 3 de septiembre de 2026, superando el r\u00e9cord previo de 1.595 del d\u00eda anterior.<\/strong><\/p>\n<p>Este nuevo m\u00e1ximo, alcanzado en apenas 24\u202fhoras, es el segundo r\u00e9cord consecutivo del servicio; el lunes se contabilizaron 1.595 desplazamientos, superando los 1.563 del 14 de julio.<\/p>\n<p>\u00abM\u00e1s all\u00e1 del r\u00e9cord, lo importante es lo que nos cuentan estos datos: que cada vez m\u00e1s personas encuentran en S\u00edtycleta una opci\u00f3n real para sus desplazamientos diarios. Cuando conseguimos que la bicicleta forme parte de la rutina de la ciudad, estamos avanzando hacia una movilidad m\u00e1s diversa y hacia una ciudad cada vez m\u00e1s pensada para las personas\u00bb, ha se\u00f1alado el concejal de movilidad del Ayuntamiento de Las Palmas de Gran Canaria y presidente de Sagulpa, Jos\u00e9 Eduardo Ram\u00edrez.<\/p>\n<p>La bicicleta el\u00e9ctrica ha protagonizado los tres n\u00fameros m\u00e1s altos en la \u00faltima jornada: 596 usos el domingo, 604 el lunes y 666 el martes, representando el 39,9\u202f% de los trayectos del d\u00eda y casi el 40\u202f% de la actividad total del servicio.<\/p>\n<p>\u00abLa bicicleta el\u00e9ctrica est\u00e1 ayudando a romper una barrera que nuestra propia orograf\u00eda nos planteaba. Que pr\u00e1cticamente cuatro de cada diez desplazamientos del martes se hayan realizado en bicicleta el\u00e9ctrica demuestra que ampliar el servicio hacia Ciudad Alta tiene sentido y que tenemos que seguir trabajando para que S\u00edtycleta llegue cada vez a m\u00e1s personas y a m\u00e1s zonas de la ciudad\u00bb, a\u00f1adi\u00f3 Ram\u00edrez.<\/p>\n<p>La compa\u00f1\u00eda Sagulpa planea a\u00f1adir una nueva estaci\u00f3n de bicicletas el\u00e9ctricas en el Aparcamiento El Rinc\u00f3n para fomentar la movilidad sostenible e intermodal.<\/p>\n<p>El servicio tambi\u00e9n registr\u00f3 los meses de julio y agosto como los mejores de su historia: en julio se superaron los 39.000 alquileres, un 48\u202f% m\u00e1s que en el mismo mes de 2025, y en agosto se alcanzaron m\u00e1s de 38.000, creciendo un 56,8\u202f% respecto al 2025.<\/p>\n<p>\u00abQueremos seguir mejorando el servicio, pero tambi\u00e9n conseguir que cada bicicleta disponible tenga m\u00e1s vida en la ciudad. Los datos de agosto son interesantes precisamente por eso: con una disponibilidad menor, hemos conseguido mantener un nivel de utilizaci\u00f3n muy alto. Nuestro reto ahora es seguir creciendo con un servicio cada vez m\u00e1s eficiente, \u00fatil y cercano a las necesidades reales de quienes lo utilizan\u00bb, afirm\u00f3 Ram\u00edrez.<\/p>\n<p>La sucesi\u00f3n de r\u00e9cords diarios y mensuales refuerza el papel de S\u00edtycleta como una alternativa cada vez m\u00e1s presente en la movilidad cotidiana de la ciudad, incorporando desplazamientos laborales, educativos, personales y de ocio.<\/p>\n","protected":false},"excerpt":{"rendered":"<p>Las bicicletas el\u00e9ctricas alcanzan tambi\u00e9n su r\u00e9cord hist\u00f3rico, con 666 desplazamientos en una jornada, y rozan ya el 40 % de todos los trayectos del servicio\u00a0Las Palmas de Gran Canaria,&hellip;<\/p>\n","protected":false},"author":1,"featured_media":19476,"comment_status":"open","ping_status":"open","sticky":false,"template":"","format":"standard","meta":{"wpai_generated_summary":"","wpai_meta_description":"","footnotes":""},"categories":[132],"tags":[],"class_list":["post-19467","post","type-post","status-publish","format-standard","has-post-thumbnail","hentry","category-ayuntamiento-de-las-palmas-de-gran-canaria"],"_links":{"self":[{"href":"https:\/\/nublo.tv\/index.php\/wp-json\/wp\/v2\/posts\/19467","targetHints":{"allow":["GET"]}}],"collection":[{"href":"https:\/\/nublo.tv\/index.php\/wp-json\/wp\/v2\/posts"}],"about":[{"href":"https:\/\/nublo.tv\/index.php\/wp-json\/wp\/v2\/types\/post"}],"author":[{"embeddable":true,"href":"https:\/\/nublo.tv\/index.php\/wp-json\/wp\/v2\/users\/1"}],"replies":[{"embeddable":true,"href":"https:\/\/nublo.tv\/index.php\/wp-json\/wp\/v2\/comments?post=19467"}],"version-history":[{"count":2,"href":"https:\/\/nublo.tv\/index.php\/wp-json\/wp\/v2\/posts\/19467\/revisions"}],"predecessor-version":[{"id":19480,"href":"https:\/\/nublo.tv\/index.php\/wp-json\/wp\/v2\/posts\/19467\/revisions\/19480"}],"wp:featuredmedia":[{"embeddable":true,"href":"https:\/\/nublo.tv\/index.php\/wp-json\/wp\/v2\/media\/19476"}],"wp:attachment":[{"href":"https:\/\/nublo.tv\/index.php\/wp-json\/wp\/v2\/media?parent=19467"}],"wp:term":[{"taxonomy":"category","embeddable":true,"href":"https:\/\/nublo.tv\/index.php\/wp-json\/wp\/v2\/categories?post=19467"},{"taxonomy":"post_tag","embeddable":true,"href":"https:\/\/nublo.tv\/index.php\/wp-json\/wp\/v2\/tags?post=19467"}],"curies":[{"name":"wp","href":"https:\/\/api.w.org\/{rel}","templated":true}]}}