{"id":19469,"date":"2026-09-04T08:51:29","date_gmt":"2026-09-04T07:51:29","guid":{"rendered":"https:\/\/nublo.tv\/?p=19469"},"modified":"2026-09-04T08:51:29","modified_gmt":"2026-09-04T07:51:29","slug":"la-atalaya-celebra-las-fiestas-del-santo-cristo-milagroso-en-2026","status":"publish","type":"post","link":"https:\/\/nublo.tv\/index.php\/2026\/09\/04\/la-atalaya-celebra-las-fiestas-del-santo-cristo-milagroso-en-2026\/","title":{"rendered":"La Atalaya celebra las Fiestas del Santo Cristo Milagroso en 2026"},"content":{"rendered":"<p><strong>La Atalaya celebrar\u00e1 su festival en honor al Santo Cristo Milagroso del 11 al 14 de septiembre de 2026, seg\u00fan la agenda publicada por la Asociaci\u00f3n de Vecinos Caitasa.<\/strong><\/p>\n<p>El viernes 11 de septiembre a las 20:00 se realizar\u00e1 la misa seguida de la emotiva Procesi\u00f3n de las Antorchas por el recorrido habitual, visitando los altares y culminando con el Encuentro cantado del Cristo y la Virgen de los Dolores.<\/p>\n<p><a href=\"https:\/\/www.santabrigida.es\/wp-content\/uploads\/2026\/09\/1.jpeg\"><img loading=\"lazy\" decoding=\"async\" class=\"wp-image-46689\" style=\"width: 810px;height: auto\" src=\"https:\/\/www.santabrigida.es\/wp-content\/uploads\/2026\/09\/1.jpeg\" alt=\"\" width=\"581\" height=\"763\" \/><\/a><\/p>\n<p>El s\u00e1bado 12 a las 19:00 se llevar\u00e1 a cabo la Romer\u00eda-Ofrenda al Santo Cristo presentada por M\u00aa Pino Rodr\u00edguez Socorro y Francisco Santana Santana, con carretas de colectivos y vecinos que partir\u00e1n de la Plaza Mariquita Ben\u00edtez y subir\u00e1n por la calle Cura Navarro hasta la Plaza de la Iglesia.<\/p>\n<p>De 22:30 a 02:00 se realizar\u00e1 la Gran Verbena en la Plaza Mariquita Ben\u00edtez, amenizada por el grupo Luz de Luna y con las carretas exhibidas.<\/p>\n<p><a href=\"https:\/\/www.santabrigida.es\/wp-content\/uploads\/2026\/09\/WhatsApp-Image-2026-09-04-at-07.26.50.jpeg\"><img loading=\"lazy\" decoding=\"async\" class=\"wp-image-46690\" style=\"width: 847px;height: auto\" src=\"https:\/\/www.santabrigida.es\/wp-content\/uploads\/2026\/09\/WhatsApp-Image-2026-09-04-at-07.26.50-724x1024.jpeg\" alt=\"\" width=\"724\" height=\"1024\" \/><\/a><\/p>\n<p>El domingo 13 a las 12:30 se celebrar\u00e1 la misa armonizada por la agrupaci\u00f3n folcl\u00f3rica La Zarzalera, seguida a las 13:15 por una procesi\u00f3n acompa\u00f1ada por la Banda Isle\u00f1a.<\/p>\n<p>Entre las 14:00 y las 18:00 se ofrecer\u00e1 un almuerzo popular canario en la Plaza Mariquita Ben\u00edtez, con la colaboraci\u00f3n de Alfonso Torres y la m\u00fasica de Acerina Show.<\/p>\n<p>El lunes 14 a las 12:00 se tocar\u00e1n campanas y voladores desde la Iglesia, y de 20:00 a 22:00 se celebrar\u00e1 la misa de acci\u00f3n de gracias que cierra las fiestas, con la aportaci\u00f3n de los vecinos.<\/p>\n","protected":false},"excerpt":{"rendered":"<p>La Atalaya se prepara para celebrar sus Fiestas en honor al Santo Cristo Milagroso 2026. La Asociaci\u00f3n de Vecinos Caitasa ha dado a conocer la agenda de actos que se&hellip;<\/p>\n","protected":false},"author":1,"featured_media":19474,"comment_status":"open","ping_status":"open","sticky":false,"template":"","format":"standard","meta":{"wpai_generated_summary":"","wpai_meta_description":"","footnotes":""},"categories":[136],"tags":[],"class_list":["post-19469","post","type-post","status-publish","format-standard","has-post-thumbnail","hentry","category-ayuntamiento-de-santa-brigida"],"_links":{"self":[{"href":"https:\/\/nublo.tv\/index.php\/wp-json\/wp\/v2\/posts\/19469","targetHints":{"allow":["GET"]}}],"collection":[{"href":"https:\/\/nublo.tv\/index.php\/wp-json\/wp\/v2\/posts"}],"about":[{"href":"https:\/\/nublo.tv\/index.php\/wp-json\/wp\/v2\/types\/post"}],"author":[{"embeddable":true,"href":"https:\/\/nublo.tv\/index.php\/wp-json\/wp\/v2\/users\/1"}],"replies":[{"embeddable":true,"href":"https:\/\/nublo.tv\/index.php\/wp-json\/wp\/v2\/comments?post=19469"}],"version-history":[{"count":2,"href":"https:\/\/nublo.tv\/index.php\/wp-json\/wp\/v2\/posts\/19469\/revisions"}],"predecessor-version":[{"id":19479,"href":"https:\/\/nublo.tv\/index.php\/wp-json\/wp\/v2\/posts\/19469\/revisions\/19479"}],"wp:featuredmedia":[{"embeddable":true,"href":"https:\/\/nublo.tv\/index.php\/wp-json\/wp\/v2\/media\/19474"}],"wp:attachment":[{"href":"https:\/\/nublo.tv\/index.php\/wp-json\/wp\/v2\/media?parent=19469"}],"wp:term":[{"taxonomy":"category","embeddable":true,"href":"https:\/\/nublo.tv\/index.php\/wp-json\/wp\/v2\/categories?post=19469"},{"taxonomy":"post_tag","embeddable":true,"href":"https:\/\/nublo.tv\/index.php\/wp-json\/wp\/v2\/tags?post=19469"}],"curies":[{"name":"wp","href":"https:\/\/api.w.org\/{rel}","templated":true}]}}