{"id":19471,"date":"2026-09-04T08:51:39","date_gmt":"2026-09-04T07:51:39","guid":{"rendered":"https:\/\/nublo.tv\/?p=19471"},"modified":"2026-09-04T08:51:39","modified_gmt":"2026-09-04T07:51:39","slug":"pinito-fest-abre-en-teror-este-viernes-con-soge-culebra-y-bejo","status":"publish","type":"post","link":"https:\/\/nublo.tv\/index.php\/2026\/09\/04\/pinito-fest-abre-en-teror-este-viernes-con-soge-culebra-y-bejo\/","title":{"rendered":"Pinito Fest abre en Teror este viernes con Soge Culebra y Bejo"},"content":{"rendered":"<p><strong>El festival joven Pinito Fest llega a la Plaza de Sintes de Teror este viernes 4 de septiembre, con artistas como Soge Culebra, Bejo, Rodrigo F\u00e9nix, Elo Minetti y Dj Airam Vega, y ofrece entrada libre de 20:30 a 2:00 a.m.<\/strong><\/p>\n<p>Los servicios de transporte de Guaguas Global se refuerzan desde Las Palmas de Gran Canaria, mientras que los aparcamientos de la Estaci\u00f3n y Sintes permanecen abiertos hasta las 3:30 a.m.<\/p>\n<p>La edici\u00f3n se abre con una puesta en marcha especial dirigida por M\u00fadate Studio, que presenta un espect\u00e1culo de baile urbano con una treintena de j\u00f3venes de Teror.<\/p>\n<p>El evento, organizado por la Concejal\u00eda de Festejos del Ayuntamiento de Teror, busca conectar con distintas generaciones del p\u00fablico juvenil a trav\u00e9s de una propuesta musical que incluye artistas canarios y el murciano Soge en un programa que fusiona sonidos actuales y ritmos urbanos consolidados.<\/p>\n<p>El festival contar\u00e1 adem\u00e1s con la presencia de un punto violeta de la Concejal\u00eda de Igualdad del Ayuntamiento de Teror, que difundir\u00e1 la campa\u00f1a \u2018Violeta Verde de Teror\u2019 para garantizar un espacio inclusivo libre de violencia y acoso.<\/p>\n<p>En el marco de la Fiesta del Pino 2026, el programa ofrece unas 40 actuaciones musicales gratuitas, entre las que destacan los conciertos de Nena Daconte el 5 de septiembre, Seguridad Social el 8 de septiembre y Cali con El Dandee el 10 de septiembre.<\/p>\n","protected":false},"excerpt":{"rendered":"<p>Este 4 de septiembre en la Plaza de Sintes, desde las 20:30 horas a las 2 de la madrugada, con acceso libre. Global refuerza los servicios desde Las PAlmas de&hellip;<\/p>\n","protected":false},"author":1,"featured_media":19478,"comment_status":"open","ping_status":"open","sticky":false,"template":"","format":"standard","meta":{"wpai_generated_summary":"","wpai_meta_description":"","footnotes":""},"categories":[141],"tags":[],"class_list":["post-19471","post","type-post","status-publish","format-standard","has-post-thumbnail","hentry","category-ayuntamiento-de-teror"],"_links":{"self":[{"href":"https:\/\/nublo.tv\/index.php\/wp-json\/wp\/v2\/posts\/19471","targetHints":{"allow":["GET"]}}],"collection":[{"href":"https:\/\/nublo.tv\/index.php\/wp-json\/wp\/v2\/posts"}],"about":[{"href":"https:\/\/nublo.tv\/index.php\/wp-json\/wp\/v2\/types\/post"}],"author":[{"embeddable":true,"href":"https:\/\/nublo.tv\/index.php\/wp-json\/wp\/v2\/users\/1"}],"replies":[{"embeddable":true,"href":"https:\/\/nublo.tv\/index.php\/wp-json\/wp\/v2\/comments?post=19471"}],"version-history":[{"count":2,"href":"https:\/\/nublo.tv\/index.php\/wp-json\/wp\/v2\/posts\/19471\/revisions"}],"predecessor-version":[{"id":19481,"href":"https:\/\/nublo.tv\/index.php\/wp-json\/wp\/v2\/posts\/19471\/revisions\/19481"}],"wp:featuredmedia":[{"embeddable":true,"href":"https:\/\/nublo.tv\/index.php\/wp-json\/wp\/v2\/media\/19478"}],"wp:attachment":[{"href":"https:\/\/nublo.tv\/index.php\/wp-json\/wp\/v2\/media?parent=19471"}],"wp:term":[{"taxonomy":"category","embeddable":true,"href":"https:\/\/nublo.tv\/index.php\/wp-json\/wp\/v2\/categories?post=19471"},{"taxonomy":"post_tag","embeddable":true,"href":"https:\/\/nublo.tv\/index.php\/wp-json\/wp\/v2\/tags?post=19471"}],"curies":[{"name":"wp","href":"https:\/\/api.w.org\/{rel}","templated":true}]}}