{"id":19483,"date":"2026-09-04T12:27:08","date_gmt":"2026-09-04T11:27:08","guid":{"rendered":"https:\/\/nublo.tv\/?p=19483"},"modified":"2026-09-04T12:27:08","modified_gmt":"2026-09-04T11:27:08","slug":"el-ayuntamiento-de-teror-reduce-el-horario-de-atencion-al-publico-el-lunes-7-de-septiembre-por-la-ofrenda-romeria","status":"publish","type":"post","link":"https:\/\/nublo.tv\/index.php\/2026\/09\/04\/el-ayuntamiento-de-teror-reduce-el-horario-de-atencion-al-publico-el-lunes-7-de-septiembre-por-la-ofrenda-romeria\/","title":{"rendered":"El Ayuntamiento de Teror reduce el horario de atenci\u00f3n al p\u00fablico el lunes 7 de septiembre por la Ofrenda Romer\u00eda"},"content":{"rendered":"<p><strong>El Ayuntamiento de Teror reducir\u00e1 el horario de atenci\u00f3n al p\u00fablico de las Oficinas Municipales el pr\u00f3ximo lunes 7 de septiembre, prestando servicio de 9:00 a 12:00 horas con motivo de los actos institucionales de la Ofrenda Romer\u00eda de las Fiestas del Pino.<\/strong><\/p>\n<p>Esta modificaci\u00f3n puntual responde al desarrollo de las actividades municipales vinculadas a la festividad patronal.<\/p>\n<p>El servicio retomar\u00e1 su horario habitual de verano, fijado de 9:00 a 13:00 horas, el pr\u00f3ximo mi\u00e9rcoles 9 de septiembre.<\/p>\n","protected":false},"excerpt":{"rendered":"<p>El horario de las Oficinas Municipales se modifica puntualmente debido a la celebraci\u00f3n de la Ofrenda Romer\u00eda. El Ayuntamiento de Teror informa a la ciudadan\u00eda de que, debido a los&hellip;<\/p>\n","protected":false},"author":1,"featured_media":19499,"comment_status":"open","ping_status":"open","sticky":false,"template":"","format":"standard","meta":{"wpai_generated_summary":"","wpai_meta_description":"","footnotes":""},"categories":[141],"tags":[],"class_list":["post-19483","post","type-post","status-publish","format-standard","has-post-thumbnail","hentry","category-ayuntamiento-de-teror"],"_links":{"self":[{"href":"https:\/\/nublo.tv\/index.php\/wp-json\/wp\/v2\/posts\/19483","targetHints":{"allow":["GET"]}}],"collection":[{"href":"https:\/\/nublo.tv\/index.php\/wp-json\/wp\/v2\/posts"}],"about":[{"href":"https:\/\/nublo.tv\/index.php\/wp-json\/wp\/v2\/types\/post"}],"author":[{"embeddable":true,"href":"https:\/\/nublo.tv\/index.php\/wp-json\/wp\/v2\/users\/1"}],"replies":[{"embeddable":true,"href":"https:\/\/nublo.tv\/index.php\/wp-json\/wp\/v2\/comments?post=19483"}],"version-history":[{"count":2,"href":"https:\/\/nublo.tv\/index.php\/wp-json\/wp\/v2\/posts\/19483\/revisions"}],"predecessor-version":[{"id":19506,"href":"https:\/\/nublo.tv\/index.php\/wp-json\/wp\/v2\/posts\/19483\/revisions\/19506"}],"wp:featuredmedia":[{"embeddable":true,"href":"https:\/\/nublo.tv\/index.php\/wp-json\/wp\/v2\/media\/19499"}],"wp:attachment":[{"href":"https:\/\/nublo.tv\/index.php\/wp-json\/wp\/v2\/media?parent=19483"}],"wp:term":[{"taxonomy":"category","embeddable":true,"href":"https:\/\/nublo.tv\/index.php\/wp-json\/wp\/v2\/categories?post=19483"},{"taxonomy":"post_tag","embeddable":true,"href":"https:\/\/nublo.tv\/index.php\/wp-json\/wp\/v2\/tags?post=19483"}],"curies":[{"name":"wp","href":"https:\/\/api.w.org\/{rel}","templated":true}]}}