{"id":19485,"date":"2026-09-04T12:27:12","date_gmt":"2026-09-04T11:27:12","guid":{"rendered":"https:\/\/nublo.tv\/?p=19485"},"modified":"2026-09-04T12:27:12","modified_gmt":"2026-09-04T11:27:12","slug":"la-ud-las-palmas-rinde-homenaje-en-paraguay-a-su-historico-exjugador-crispin-maciel","status":"publish","type":"post","link":"https:\/\/nublo.tv\/index.php\/2026\/09\/04\/la-ud-las-palmas-rinde-homenaje-en-paraguay-a-su-historico-exjugador-crispin-maciel\/","title":{"rendered":"La UD Las Palmas rinde homenaje en Paraguay a su hist\u00f3rico exjugador Crisp\u00edn Maciel"},"content":{"rendered":"<p><strong>El consejero de la UD Las Palmas y vicepresidente de su Fundaci\u00f3n, Rafael M\u00e9ndez, ha mantenido un encuentro en Paraguay con Crisp\u00edn Maciel, hist\u00f3rico exjugador del conjunto grancanario durante la d\u00e9cada de los setenta.<\/strong><\/p>\n<p>Durante la visita, M\u00e9ndez hizo entrega a Maciel de una camiseta oficial personalizada con su nombre y el dorsal que luci\u00f3 en su etapa en el club, adem\u00e1s de un ejemplar del \u00c1lbum de la UD Las Palmas.<\/p>\n<p>El futbolista paraguayo milit\u00f3 durante tres temporadas en la entidad insular y form\u00f3 parte del equipo que disput\u00f3 la final de la Copa del Rey de 1978.<\/p>\n<p>Asimismo, el representante del conjunto amarillo invit\u00f3 a Crisp\u00edn Maciel a viajar nuevamente a Gran Canaria para visitar la isla y recibir el reconocimiento de la afici\u00f3n.<\/p>\n","protected":false},"excerpt":{"rendered":"<p>Rafael M\u00e9ndez,\u00a0 consejero de la UD Las Palmas y vicepresidente de la Fundaci\u00f3n,\u00a0 protagoniz\u00f3 un emotivo encuentro en Paraguay con Crisp\u00edn Maciel, hist\u00f3rico exjugador amarillo que defendi\u00f3 la camiseta del&hellip;<\/p>\n","protected":false},"author":1,"featured_media":19501,"comment_status":"open","ping_status":"open","sticky":false,"template":"","format":"standard","meta":{"wpai_generated_summary":"","wpai_meta_description":"","footnotes":""},"categories":[122],"tags":[],"class_list":["post-19485","post","type-post","status-publish","format-standard","has-post-thumbnail","hentry","category-deportes"],"_links":{"self":[{"href":"https:\/\/nublo.tv\/index.php\/wp-json\/wp\/v2\/posts\/19485","targetHints":{"allow":["GET"]}}],"collection":[{"href":"https:\/\/nublo.tv\/index.php\/wp-json\/wp\/v2\/posts"}],"about":[{"href":"https:\/\/nublo.tv\/index.php\/wp-json\/wp\/v2\/types\/post"}],"author":[{"embeddable":true,"href":"https:\/\/nublo.tv\/index.php\/wp-json\/wp\/v2\/users\/1"}],"replies":[{"embeddable":true,"href":"https:\/\/nublo.tv\/index.php\/wp-json\/wp\/v2\/comments?post=19485"}],"version-history":[{"count":2,"href":"https:\/\/nublo.tv\/index.php\/wp-json\/wp\/v2\/posts\/19485\/revisions"}],"predecessor-version":[{"id":19507,"href":"https:\/\/nublo.tv\/index.php\/wp-json\/wp\/v2\/posts\/19485\/revisions\/19507"}],"wp:featuredmedia":[{"embeddable":true,"href":"https:\/\/nublo.tv\/index.php\/wp-json\/wp\/v2\/media\/19501"}],"wp:attachment":[{"href":"https:\/\/nublo.tv\/index.php\/wp-json\/wp\/v2\/media?parent=19485"}],"wp:term":[{"taxonomy":"category","embeddable":true,"href":"https:\/\/nublo.tv\/index.php\/wp-json\/wp\/v2\/categories?post=19485"},{"taxonomy":"post_tag","embeddable":true,"href":"https:\/\/nublo.tv\/index.php\/wp-json\/wp\/v2\/tags?post=19485"}],"curies":[{"name":"wp","href":"https:\/\/api.w.org\/{rel}","templated":true}]}}