{"id":19487,"date":"2026-09-04T12:26:56","date_gmt":"2026-09-04T11:26:56","guid":{"rendered":"https:\/\/nublo.tv\/?p=19487"},"modified":"2026-09-04T12:26:56","modified_gmt":"2026-09-04T11:26:56","slug":"minerva-alonso-presenta-la-primera-edicion-de-gran-dia-feria-de-celebraciones","status":"publish","type":"post","link":"https:\/\/nublo.tv\/index.php\/2026\/09\/04\/minerva-alonso-presenta-la-primera-edicion-de-gran-dia-feria-de-celebraciones\/","title":{"rendered":"Minerva Alonso presenta la primera edici\u00f3n de Gran D\u00eda, Feria de Celebraciones"},"content":{"rendered":"<p><strong>La consejera de Desarrollo Econ\u00f3mico, Industria, Comercio y Artesan\u00eda, Minerva Alonso, ha presentado el mi\u00e9rcoles 9 de septiembre de 2026 a las 10:30 horas la primera edici\u00f3n de Gran D\u00eda, Feria de Celebraciones, que se celebrar\u00e1 los d\u00edas 19 y 20 de septiembre en el Recinto Ferial de Ag\u00fcimes.<\/strong><\/p>\n<p>El evento, organizado por Infecar, Feria de Gran Canaria, reunir\u00e1 a empresas que ofrecen productos y servicios relacionados con bodas, bautizos, comuniones y otras ceremonias con el p\u00fablico que busque tendencias y asesoramiento para que sus celebraciones sean \u00fanicas y especiales.<\/p>\n<p>El anuncio se hizo el 4 de septiembre de 2026 y la presentaci\u00f3n tuvo lugar el 9 de septiembre a las 10:30 en el Recinto Ferial de Ag\u00fcimes.<\/p>\n","protected":false},"excerpt":{"rendered":"<p>Presentaci\u00f3n de la primera edici\u00f3n de Gran D\u00eda, Feria de Celebraciones &nbsp; D\u00eda: Mi\u00e9rcoles, 9 de septiembre de 2026 Hora: 10.30 horas Lugar: Recinto Ferial de Ag\u00fcimes &nbsp; Gran Canaria,&hellip;<\/p>\n","protected":false},"author":1,"featured_media":19488,"comment_status":"open","ping_status":"open","sticky":false,"template":"","format":"standard","meta":{"wpai_generated_summary":"","wpai_meta_description":"","footnotes":""},"categories":[148],"tags":[],"class_list":["post-19487","post","type-post","status-publish","format-standard","has-post-thumbnail","hentry","category-cabildo-de-gran-canaria"],"_links":{"self":[{"href":"https:\/\/nublo.tv\/index.php\/wp-json\/wp\/v2\/posts\/19487","targetHints":{"allow":["GET"]}}],"collection":[{"href":"https:\/\/nublo.tv\/index.php\/wp-json\/wp\/v2\/posts"}],"about":[{"href":"https:\/\/nublo.tv\/index.php\/wp-json\/wp\/v2\/types\/post"}],"author":[{"embeddable":true,"href":"https:\/\/nublo.tv\/index.php\/wp-json\/wp\/v2\/users\/1"}],"replies":[{"embeddable":true,"href":"https:\/\/nublo.tv\/index.php\/wp-json\/wp\/v2\/comments?post=19487"}],"version-history":[{"count":2,"href":"https:\/\/nublo.tv\/index.php\/wp-json\/wp\/v2\/posts\/19487\/revisions"}],"predecessor-version":[{"id":19504,"href":"https:\/\/nublo.tv\/index.php\/wp-json\/wp\/v2\/posts\/19487\/revisions\/19504"}],"wp:featuredmedia":[{"embeddable":true,"href":"https:\/\/nublo.tv\/index.php\/wp-json\/wp\/v2\/media\/19488"}],"wp:attachment":[{"href":"https:\/\/nublo.tv\/index.php\/wp-json\/wp\/v2\/media?parent=19487"}],"wp:term":[{"taxonomy":"category","embeddable":true,"href":"https:\/\/nublo.tv\/index.php\/wp-json\/wp\/v2\/categories?post=19487"},{"taxonomy":"post_tag","embeddable":true,"href":"https:\/\/nublo.tv\/index.php\/wp-json\/wp\/v2\/tags?post=19487"}],"curies":[{"name":"wp","href":"https:\/\/api.w.org\/{rel}","templated":true}]}}