{"id":19489,"date":"2026-09-04T12:27:02","date_gmt":"2026-09-04T11:27:02","guid":{"rendered":"http:\/\/nublo.tv\/?p=19489"},"modified":"2026-09-04T12:27:02","modified_gmt":"2026-09-04T11:27:02","slug":"el-festival-nacional-folclorico-y-mary-poppins-cierran-las-fiestas-del-pino-en-arinaga","status":"publish","type":"post","link":"https:\/\/nublo.tv\/index.php\/2026\/09\/04\/el-festival-nacional-folclorico-y-mary-poppins-cierran-las-fiestas-del-pino-en-arinaga\/","title":{"rendered":"El Festival Nacional Folcl\u00f3rico y \u2018Mary\u202fPoppins\u2019 cierran las Fiestas del Pino en Arinaga"},"content":{"rendered":"<p><strong>El Festival Nacional Folcl\u00f3rico de Ag\u00fcimes y la representaci\u00f3n teatral \u201cMary\u202fPoppins\u201d ocupar\u00e1n la plaza de Arinaga los s\u00e1bados 5 y domingos 6 de septiembre, encerrando las Fiestas del Pino de Arinaga.<\/strong><\/p>\n<p>El festival, que comienza a las 20:30, contar\u00e1 con la participaci\u00f3n de cuatro agrupaciones: la A. F. Estampa Burgalesa de Burgos, la A. F. Pedro de Hautacuperche de La\u202fGomera, la A. F. Chemida de Las\u202fPalmas de Gran Canaria y la A. F. Argones de Ag\u00fcimes.<\/p>\n<p>El alcalde de Ag\u00fcimes, \u00d3scar Hern\u00e1ndez, recibi\u00f3 el viernes en el Ayuntamiento a los grupos folcl\u00f3ricos, dando la bienvenida y resaltando el car\u00e1cter de convivencia de la cita.<\/p>\n<p>Despu\u00e9s del festival, a partir de las 22:30, la plaza de Arinaga acoge una verbena con las actuaciones de DJ Ulises Acosta y Aseres.<\/p>\n<p>El domingo 6 de septiembre la plaza de Arinaga se vuelve escenario de la obra \u201cMary\u202fPoppins\u201d, con una puesta en escena a las 19:00, como parte del programa de Teatro de Verano y ofreciendo una alternativa de ocio en familia.<\/p>\n<p>Los d\u00edas siguientes siguen con la programaci\u00f3n de las Fiestas del Pino: el lunes 7 de septiembre la carreta \u201cMolinillo de caf\u00e9\u201d, creada por la Asociaci\u00f3n Cultural Deportiva y Cultural Jos\u00e9 Su\u00e1rez y Los Serenquenquenes, participa en la Romer\u00eda del Pino en Teror; el martes 8 la plaza de Arinaga acoge el espect\u00e1culo \u201cBejeque en M\u00e9xico\u201d, con Mara P\u00e9rez, a las 21:00.<\/p>\n<p>El mi\u00e9rcoles 9 y jueves 10 contin\u00faa el Torneo de Domin\u00f3 \u201cVirgen del Pino 2026\u201d, con la fase clasificatoria y las semifinales y final, respectivamente; mientras que el jueves tambi\u00e9n se celebrar\u00e1 una Noche de Pinchos en la avenida Poliz\u00f3n a partir de las 21:00.<\/p>\n<p>La programaci\u00f3n concluye el s\u00e1bado 12 de septiembre con la fase final del torneo de domin\u00f3.<\/p>\n","protected":false},"excerpt":{"rendered":"<p>El evento contar\u00e1 con agrupaciones de Burgos, La Gomera, Las Palmas y Ag\u00fcimes. El domingo ser\u00e1 el turno de \u2018Mary Poppins\u2019, una propuesta teatral para toda la familia.\u00a0\u00a0\u00a0\u00a0\u00a0\u00a0\u00a0 Las Fiestas&hellip;<\/p>\n","protected":false},"author":1,"featured_media":19497,"comment_status":"open","ping_status":"open","sticky":false,"template":"","format":"standard","meta":{"wpai_generated_summary":"","wpai_meta_description":"","footnotes":""},"categories":[125],"tags":[],"class_list":["post-19489","post","type-post","status-publish","format-standard","has-post-thumbnail","hentry","category-ayuntamiento-de-aguimes"],"_links":{"self":[{"href":"https:\/\/nublo.tv\/index.php\/wp-json\/wp\/v2\/posts\/19489","targetHints":{"allow":["GET"]}}],"collection":[{"href":"https:\/\/nublo.tv\/index.php\/wp-json\/wp\/v2\/posts"}],"about":[{"href":"https:\/\/nublo.tv\/index.php\/wp-json\/wp\/v2\/types\/post"}],"author":[{"embeddable":true,"href":"https:\/\/nublo.tv\/index.php\/wp-json\/wp\/v2\/users\/1"}],"replies":[{"embeddable":true,"href":"https:\/\/nublo.tv\/index.php\/wp-json\/wp\/v2\/comments?post=19489"}],"version-history":[{"count":2,"href":"https:\/\/nublo.tv\/index.php\/wp-json\/wp\/v2\/posts\/19489\/revisions"}],"predecessor-version":[{"id":19505,"href":"https:\/\/nublo.tv\/index.php\/wp-json\/wp\/v2\/posts\/19489\/revisions\/19505"}],"wp:featuredmedia":[{"embeddable":true,"href":"https:\/\/nublo.tv\/index.php\/wp-json\/wp\/v2\/media\/19497"}],"wp:attachment":[{"href":"https:\/\/nublo.tv\/index.php\/wp-json\/wp\/v2\/media?parent=19489"}],"wp:term":[{"taxonomy":"category","embeddable":true,"href":"https:\/\/nublo.tv\/index.php\/wp-json\/wp\/v2\/categories?post=19489"},{"taxonomy":"post_tag","embeddable":true,"href":"https:\/\/nublo.tv\/index.php\/wp-json\/wp\/v2\/tags?post=19489"}],"curies":[{"name":"wp","href":"https:\/\/api.w.org\/{rel}","templated":true}]}}