{"id":19491,"date":"2026-09-04T12:26:49","date_gmt":"2026-09-04T11:26:49","guid":{"rendered":"http:\/\/nublo.tv\/?p=19491"},"modified":"2026-09-04T12:26:49","modified_gmt":"2026-09-04T11:26:49","slug":"el-cabildo-de-gran-canaria-aportara-1-340-kilos-de-productos-agricolas-a-la-74a-romeria-del-pino","status":"publish","type":"post","link":"https:\/\/nublo.tv\/index.php\/2026\/09\/04\/el-cabildo-de-gran-canaria-aportara-1-340-kilos-de-productos-agricolas-a-la-74a-romeria-del-pino\/","title":{"rendered":"El Cabildo de Gran Canaria aportar\u00e1 1.340 kilos de productos agr\u00edcolas a la 74\u00aa Romer\u00eda del Pino"},"content":{"rendered":"<p><strong>El Cabildo de Gran Canaria destinar\u00e1 un total de 1.340 kilos de productos agr\u00edcolas y manufacturados a la 74\u00aa edici\u00f3n de la tradicional Romer\u00eda-Ofrenda a la Virgen del Pino, que se celebrar\u00e1 este domingo, 7 de septiembre, en Teror.<\/strong><\/p>\n<p>El presidente insular, Antonio Morales, present\u00f3 este viernes la ofrenda que transportar\u00e1 la carreta institucional, acompa\u00f1ado por la consejera de Cultura, Guacimara Medina, y el consejero de Sector Primario y Soberan\u00eda Alimentaria, Miguel Hidalgo. La presente edici\u00f3n ser\u00e1 la primera que se desarrolle tras la reciente declaraci\u00f3n del evento como Fiesta de Inter\u00e9s Tur\u00edstico Nacional por parte del Gobierno de Espa\u00f1a.<\/p>\n<p>La carreta del Cabildo, titulada \u00abCantando se hace camino\u00bb y dise\u00f1ada por Fernando Ben\u00edtez a partir de un carro de labor de finales del siglo XIX, desfilar\u00e1 en segundo lugar, tras la del municipio anfitri\u00f3n. La comitiva estar\u00e1 acompa\u00f1ada por la Parranda El Lebrillo y el cuerpo de baile El \u00c1lamo, que interpretar\u00e1n \u00abSanto Domingo de Gran Canaria\u00bb a su llegada a la bas\u00edlica.<\/p>\n<p>Entre los alimentos seleccionados por el personal insular figuran 480 kilos de papas, 280 kilos de pl\u00e1tanos, 20 kilos de papayos, adem\u00e1s de fruta variada (manzanas reinetas, mangas, melones, sand\u00edas, peras, naranjas y pi\u00f1a tropical) y verduras (zanahorias, pimientos, aguacates, cebollas, berenjenas, calabacines, calabazas, puerros y coliflores) procedentes de los Mercados Agr\u00edcolas y de las fincas insulares de La Granja Agr\u00edcola Experimental, Osorio y La Cumbre. La carga se completa con 86 kilos de vino, queso, aceite, turrones, miel y gofio, junto a 280 unidades florales. Todos los alimentos ser\u00e1n distribuidos posteriormente entre entidades ben\u00e9ficas y centros asistenciales.<\/p>\n<p>Durante el acto tambi\u00e9n se inaugur\u00f3 en la sede del Cabildo, en la calle Bravo Murillo, el escaparate tradicional alusivo a las fiestas patronales, que permanecer\u00e1 expuesto hasta el 18 de septiembre. Promovido por la Consejer\u00eda de Cultura a trav\u00e9s de la Fundaci\u00f3n Nanino D\u00edaz Cutillas y elaborado por el etn\u00f3grafo Jorge Guzm\u00e1n Villegas, exhibe 14 trajes que recorren la vestimenta tradicional grancanaria desde el siglo XVII hasta principios del XX, rindiendo homenaje en esta ocasi\u00f3n al oficio de las mujeres loceras.<\/p>\n","protected":false},"excerpt":{"rendered":"<p>&nbsp; &nbsp; El Cabildo grancanario re\u00fane en su carreta de la 74\u00ba Romer\u00eda-Ofrenda del Pino Teror m\u00e1s de una tonelada de productos agr\u00edcolas &nbsp; Catorce trajes que recorren la historia&hellip;<\/p>\n","protected":false},"author":1,"featured_media":19503,"comment_status":"open","ping_status":"open","sticky":false,"template":"","format":"standard","meta":{"wpai_generated_summary":"","wpai_meta_description":"","footnotes":""},"categories":[148],"tags":[],"class_list":["post-19491","post","type-post","status-publish","format-standard","has-post-thumbnail","hentry","category-cabildo-de-gran-canaria"],"_links":{"self":[{"href":"https:\/\/nublo.tv\/index.php\/wp-json\/wp\/v2\/posts\/19491","targetHints":{"allow":["GET"]}}],"collection":[{"href":"https:\/\/nublo.tv\/index.php\/wp-json\/wp\/v2\/posts"}],"about":[{"href":"https:\/\/nublo.tv\/index.php\/wp-json\/wp\/v2\/types\/post"}],"author":[{"embeddable":true,"href":"https:\/\/nublo.tv\/index.php\/wp-json\/wp\/v2\/users\/1"}],"replies":[{"embeddable":true,"href":"https:\/\/nublo.tv\/index.php\/wp-json\/wp\/v2\/comments?post=19491"}],"version-history":[{"count":2,"href":"https:\/\/nublo.tv\/index.php\/wp-json\/wp\/v2\/posts\/19491\/revisions"}],"predecessor-version":[{"id":19502,"href":"https:\/\/nublo.tv\/index.php\/wp-json\/wp\/v2\/posts\/19491\/revisions\/19502"}],"wp:featuredmedia":[{"embeddable":true,"href":"https:\/\/nublo.tv\/index.php\/wp-json\/wp\/v2\/media\/19503"}],"wp:attachment":[{"href":"https:\/\/nublo.tv\/index.php\/wp-json\/wp\/v2\/media?parent=19491"}],"wp:term":[{"taxonomy":"category","embeddable":true,"href":"https:\/\/nublo.tv\/index.php\/wp-json\/wp\/v2\/categories?post=19491"},{"taxonomy":"post_tag","embeddable":true,"href":"https:\/\/nublo.tv\/index.php\/wp-json\/wp\/v2\/tags?post=19491"}],"curies":[{"name":"wp","href":"https:\/\/api.w.org\/{rel}","templated":true}]}}