{"id":19508,"date":"2026-09-04T12:58:29","date_gmt":"2026-09-04T11:58:29","guid":{"rendered":"https:\/\/nublo.tv\/?p=19508"},"modified":"2026-09-04T12:58:29","modified_gmt":"2026-09-04T11:58:29","slug":"las-palmas-de-gran-canaria-activa-un-dispositivo-especial-de-trafico-y-seguridad-para-el-inicio-del-curso-escolar","status":"publish","type":"post","link":"https:\/\/nublo.tv\/index.php\/2026\/09\/04\/las-palmas-de-gran-canaria-activa-un-dispositivo-especial-de-trafico-y-seguridad-para-el-inicio-del-curso-escolar\/","title":{"rendered":"Las Palmas de Gran Canaria activa un dispositivo especial de tr\u00e1fico y seguridad para el inicio del curso escolar"},"content":{"rendered":"<p><strong>El Ayuntamiento de Las Palmas de Gran Canaria activar\u00e1 el pr\u00f3ximo mi\u00e9rcoles, 9 de septiembre, un dispositivo especial de seguridad y tr\u00e1fico coordinado por la Polic\u00eda Local y los Agentes de Movilidad para regular los accesos a los centros educativos y ordenar la circulaci\u00f3n con motivo del inicio del curso 2026-2027.<\/strong><\/p>\n<p>El operativo comenzar\u00e1 coincidiendo con el inicio de las clases en Educaci\u00f3n Infantil, Primaria y Educaci\u00f3n Superior y Universitaria el 9 de septiembre, y se mantendr\u00e1 durante las jornadas de incorporaci\u00f3n de Educaci\u00f3n Secundaria Obligatoria el 10 de septiembre y de Bachillerato el 11 de septiembre. La regulaci\u00f3n del tr\u00e1fico se desarrollar\u00e1 con car\u00e1cter general entre las 7:30 y las 9:15 horas, aunque podr\u00e1 adelantarse a las 6:00 o 7:00 horas y prolongarse ante incidencias.<\/p>\n<p>El concejal de Seguridad, Convivencia y Cultura, Josu\u00e9 \u00cd\u00f1iguez, detall\u00f3 que agentes de ambos cuerpos se desplegar\u00e1n en puntos estrat\u00e9gicos de la ciudad y que unidades como la UPAL y la UMEC reforzar\u00e1n la vigilancia en los entornos escolares para velar por la seguridad de los menores.<\/p>\n<p>Entre las zonas prioritarias de regulaci\u00f3n destacan la rotonda de Torre Las Palmas, el eje de la avenida Primero de Mayo con la plaza del Pino y la calle Ingeniero Bosch y Sintes \u2014atendiendo a la nueva configuraci\u00f3n de carriles reservados al transporte p\u00fablico en la Carretera General del Norte\u2014, los accesos desde la GC-23 hacia Rafaela de las Casas y la rotonda de Bel\u00e9n Mar\u00eda. La Unidad de Tr\u00e1fico y Atestados y los Agentes de Movilidad realizar\u00e1n vigilancia din\u00e1mica en la Avenida Mar\u00edtima, la avenida Mesa y L\u00f3pez, y las glorietas Mario C\u00e9sar, Plaza de Las Am\u00e9ricas, Hoya de la Plata y Lomo de los Frailes.<\/p>\n<p>La Polic\u00eda Local vigilar\u00e1 el uso correcto de las zonas denominadas \u00abBesa y Baja\u00bb para evitar estacionamientos prolongados y mantendr\u00e1 atenci\u00f3n rotativa en medio centenar de centros de los distritos Ciudad y Puerto. Asimismo, se inspeccionar\u00e1n los exteriores escolares para prevenir actos vand\u00e1licos y evitar el consumo o tr\u00e1fico de sustancias t\u00f3xicas.<\/p>\n<p>La Unidad Especial \u2013 Grupo Operativo de Intervenci\u00f3n y Apoyo (UE-GOIA) apoyar\u00e1 en los centros durante las entradas, mientras que la Unidad de Protecci\u00f3n y Acompa\u00f1amiento Local (UPAL) colaborar\u00e1 en el control del absentismo escolar, menores sin escolarizar y mediaci\u00f3n ante situaciones de acoso o conflicto.<\/p>\n<p>Con motivo de la afluencia hacia el Campus de Tafira a trav\u00e9s de la GC-110, GC-4, GC-23 y la carretera de San Lorenzo, la Polic\u00eda Local y la Universidad de Las Palmas de Gran Canaria difundir\u00e1n el lema \u00abA la Universidad, mejor en transporte p\u00fablico\u00bb. Para quienes utilicen veh\u00edculo privado, se recomienda tomar la GC-4 hacia Lomo de Enmedio desde la GC-1, la GC-110 desde la Rotonda de las Brujas para quienes circulen por la Autov\u00eda Mar\u00edtima, o la carretera de San Lorenzo hasta Casa El Gallo para las procedencias desde Tamaraceite.<\/p>\n","protected":false},"excerpt":{"rendered":"<p>Polic\u00eda Local y Agentes de Movilidad reforzar\u00e1n la regulaci\u00f3n del tr\u00e1fico y la vigilancia en los entornos escolares desde el pr\u00f3ximo 9 de septiembre El dispositivo prestar\u00e1 especial atenci\u00f3n a&hellip;<\/p>\n","protected":false},"author":1,"featured_media":19511,"comment_status":"open","ping_status":"open","sticky":false,"template":"","format":"standard","meta":{"wpai_generated_summary":"","wpai_meta_description":"","footnotes":""},"categories":[132],"tags":[],"class_list":["post-19508","post","type-post","status-publish","format-standard","has-post-thumbnail","hentry","category-ayuntamiento-de-las-palmas-de-gran-canaria"],"_links":{"self":[{"href":"https:\/\/nublo.tv\/index.php\/wp-json\/wp\/v2\/posts\/19508","targetHints":{"allow":["GET"]}}],"collection":[{"href":"https:\/\/nublo.tv\/index.php\/wp-json\/wp\/v2\/posts"}],"about":[{"href":"https:\/\/nublo.tv\/index.php\/wp-json\/wp\/v2\/types\/post"}],"author":[{"embeddable":true,"href":"https:\/\/nublo.tv\/index.php\/wp-json\/wp\/v2\/users\/1"}],"replies":[{"embeddable":true,"href":"https:\/\/nublo.tv\/index.php\/wp-json\/wp\/v2\/comments?post=19508"}],"version-history":[{"count":2,"href":"https:\/\/nublo.tv\/index.php\/wp-json\/wp\/v2\/posts\/19508\/revisions"}],"predecessor-version":[{"id":19512,"href":"https:\/\/nublo.tv\/index.php\/wp-json\/wp\/v2\/posts\/19508\/revisions\/19512"}],"wp:featuredmedia":[{"embeddable":true,"href":"https:\/\/nublo.tv\/index.php\/wp-json\/wp\/v2\/media\/19511"}],"wp:attachment":[{"href":"https:\/\/nublo.tv\/index.php\/wp-json\/wp\/v2\/media?parent=19508"}],"wp:term":[{"taxonomy":"category","embeddable":true,"href":"https:\/\/nublo.tv\/index.php\/wp-json\/wp\/v2\/categories?post=19508"},{"taxonomy":"post_tag","embeddable":true,"href":"https:\/\/nublo.tv\/index.php\/wp-json\/wp\/v2\/tags?post=19508"}],"curies":[{"name":"wp","href":"https:\/\/api.w.org\/{rel}","templated":true}]}}